{"id":7366,"date":"2025-05-15T13:46:19","date_gmt":"2025-05-15T13:46:19","guid":{"rendered":"https:\/\/coloranalysis.app\/blog\/farbpalette-und-garderobe-fuer-den-warmen-herbst\/"},"modified":"2025-05-15T13:46:19","modified_gmt":"2025-05-15T13:46:19","slug":"farbpalette-und-garderobe-fuer-den-warmen-herbst","status":"publish","type":"post","link":"https:\/\/coloranalysis.app\/de\/blog\/farbpalette-und-garderobe-fuer-den-warmen-herbst\/","title":{"rendered":"Farbpalette und Garderobe f\u00fcr den warmen Herbst"},"content":{"rendered":"<div id=\"ez-toc-container\" class=\"ez-toc-v2_0_76 ez-toc-wrap-left counter-hierarchy ez-toc-counter ez-toc-custom ez-toc-container-direction\">\n<div class=\"ez-toc-title-container\">\n<p class=\"ez-toc-title\" style=\"cursor:inherit\"><\/p>\n<span class=\"ez-toc-title-toggle\"><\/span><\/div>\n<nav><ul class='ez-toc-list ez-toc-list-level-1 ' ><li class='ez-toc-page-1 ez-toc-heading-level-2'><a class=\"ez-toc-link ez-toc-heading-1\" href=\"#\" data-href=\"https:\/\/coloranalysis.app\/de\/blog\/farbpalette-und-garderobe-fuer-den-warmen-herbst\/#Was_macht_den_Warmen_Herbst_so_einzigartig\" >Was macht den Warmen Herbst so einzigartig?<\/a><ul class='ez-toc-list-level-3' ><li class='ez-toc-heading-level-3'><a class=\"ez-toc-link ez-toc-heading-2\" href=\"#\" data-href=\"https:\/\/coloranalysis.app\/de\/blog\/farbpalette-und-garderobe-fuer-den-warmen-herbst\/#Die_wichtigsten_Farben_der_Palette\" >Die wichtigsten Farben der Palette<\/a><\/li><\/ul><\/li><li class='ez-toc-page-1 ez-toc-heading-level-2'><a class=\"ez-toc-link ez-toc-heading-3\" href=\"#\" data-href=\"https:\/\/coloranalysis.app\/de\/blog\/farbpalette-und-garderobe-fuer-den-warmen-herbst\/#Wie_Sie_warme_Herbstfarben_tragen\" >Wie Sie warme Herbstfarben tragen<\/a><ul class='ez-toc-list-level-3' ><li class='ez-toc-heading-level-3'><a class=\"ez-toc-link ez-toc-heading-4\" href=\"#\" data-href=\"https:\/\/coloranalysis.app\/de\/blog\/farbpalette-und-garderobe-fuer-den-warmen-herbst\/#Outfit-Tipps\" >Outfit-Tipps<\/a><\/li><\/ul><\/li><li class='ez-toc-page-1 ez-toc-heading-level-2'><a class=\"ez-toc-link ez-toc-heading-5\" href=\"#\" data-href=\"https:\/\/coloranalysis.app\/de\/blog\/farbpalette-und-garderobe-fuer-den-warmen-herbst\/#Accessoires_und_Akzente\" >Accessoires und Akzente<\/a><\/li><li class='ez-toc-page-1 ez-toc-heading-level-2'><a class=\"ez-toc-link ez-toc-heading-6\" href=\"#\" data-href=\"https:\/\/coloranalysis.app\/de\/blog\/farbpalette-und-garderobe-fuer-den-warmen-herbst\/#Letzte_Styling-Tipps\" >Letzte Styling-Tipps<\/a><\/li><li class='ez-toc-page-1 ez-toc-heading-level-2'><a class=\"ez-toc-link ez-toc-heading-7\" href=\"#\" data-href=\"https:\/\/coloranalysis.app\/de\/blog\/farbpalette-und-garderobe-fuer-den-warmen-herbst\/#Haeufig_gestellte_Fragen\" >H\u00e4ufig gestellte Fragen<\/a><ul class='ez-toc-list-level-3' ><li class='ez-toc-heading-level-3'><a class=\"ez-toc-link ez-toc-heading-8\" href=\"#\" data-href=\"https:\/\/coloranalysis.app\/de\/blog\/farbpalette-und-garderobe-fuer-den-warmen-herbst\/#Was_ist_der_Warme_Herbst\" >Was ist der Warme Herbst?<\/a><\/li><li class='ez-toc-page-1 ez-toc-heading-level-3'><a class=\"ez-toc-link ez-toc-heading-9\" href=\"#\" data-href=\"https:\/\/coloranalysis.app\/de\/blog\/farbpalette-und-garderobe-fuer-den-warmen-herbst\/#Kann_ich_diese_Farben_das_ganze_Jahr_ueber_tragen\" >Kann ich diese Farben das ganze Jahr \u00fcber tragen?<\/a><\/li><li class='ez-toc-page-1 ez-toc-heading-level-3'><a class=\"ez-toc-link ez-toc-heading-10\" href=\"#\" data-href=\"https:\/\/coloranalysis.app\/de\/blog\/farbpalette-und-garderobe-fuer-den-warmen-herbst\/#Was_wenn_ich_kuehle_Farben_mag\" >Was, wenn ich k\u00fchle Farben mag?<\/a><\/li><li class='ez-toc-page-1 ez-toc-heading-level-3'><a class=\"ez-toc-link ez-toc-heading-11\" href=\"#\" data-href=\"https:\/\/coloranalysis.app\/de\/blog\/farbpalette-und-garderobe-fuer-den-warmen-herbst\/#Kann_diese_Palette_als_Make-up_verwendet_werden\" >Kann diese Palette als Make-up verwendet werden?<\/a><\/li><li class='ez-toc-page-1 ez-toc-heading-level-3'><a class=\"ez-toc-link ez-toc-heading-12\" href=\"#\" data-href=\"https:\/\/coloranalysis.app\/de\/blog\/farbpalette-und-garderobe-fuer-den-warmen-herbst\/#Gibt_es_prominente_Beispiele\" >Gibt es prominente Beispiele?<\/a><\/li><\/ul><\/li><\/ul><\/nav><\/div>\n<p>Der warme Herbst f\u00fchlt sich an wie Ihr kuscheliger Lieblingspullover &#8211; gem\u00fctlich, reichhaltig und voller Pers\u00f6nlichkeit. Denken Sie an goldene Bl\u00e4tter, Abendlicht und warme Gew\u00fcrze. Wenn Sie sich schon immer zu erdigen T\u00f6nen wie Rost, Olive oder Senf hingezogen gef\u00fchlt haben, ist die Wahrscheinlichkeit gro\u00df, dass diese Farbpalette wie f\u00fcr Sie gemacht ist. In diesem Ratgeber erkl\u00e4ren wir Ihnen, was den warmen Herbst ausmacht und wie Sie Outfits zusammenstellen, die nat\u00fcrlich, schmeichelhaft und einfach zu tragen sind.   <\/p>\n<p>Hier finden Sie Tipps, wie Sie Farben mischen und aufeinander abstimmen, Accessoires hinzuf\u00fcgen, die zu Ihrer Stimmung passen, und eine Garderobe zusammenstellen, die sowohl stilvoll als auch m\u00fchelos wirkt. Keine komplizierten Moderegeln &#8211; nur praktische Ratschl\u00e4ge, die im echten Leben funktionieren. Sind Sie bereit, in die goldene Jahreszeit der Farben einzutauchen, die am meisten Bodenhaftung hat? Dann fangen wir an!   <\/p>\n<div class=\"keytakeaway\">\n<p><b>Das Wichtigste in K\u00fcrze:<\/b><\/p>\n<ul>\n<li>Der warme Herbst ist voll von erdigen, satten Farben wie Rost, Olive und Senf &#8211; perfekt f\u00fcr Herbstschichten.<\/li>\n<li>Halten Sie sich an warme Farbt\u00f6ne und vermeiden Sie k\u00fchle, eisige Farben. Halten Sie den Kontrast gering und gem\u00fctlich. <\/li>\n<li>Verwenden Sie Accessoires wie Schals und Schmuck, um mehr Farbe ins Spiel zu bringen, ohne dabei zu \u00fcbertreiben.<\/li>\n<\/ul>\n<\/div>\n<h2><span class=\"ez-toc-section\" id=\"Was_macht_den_Warmen_Herbst_so_einzigartig\"><\/span>Was macht den Warmen Herbst so einzigartig?<span class=\"ez-toc-section-end\"><\/span><\/h2>\n<p><img decoding=\"async\" src=\"https:\/\/coloranalysis.app\/wp-content\/uploads\/2025\/05\/warm-autumn-color-palette-and-wardrobe-guide-E7.jpeg\" alt=\"Die warme Herbstfarbpalette verstehen\" width=\"616px\"><\/p>\n<p>Wenn Ihre Haut goldene oder pfirsichfarbene T\u00f6ne hat, Ihr Haar warm ist (denken Sie an Kupfer, Goldbraun oder sattes Rotbraun) und Ihre Augen in Haselnussbraun, warmem Gr\u00fcn oder Bernstein funkeln &#8211; dann sind Sie vielleicht Warm Autumn. In dieser Jahreszeit geht es um Tiefe und W\u00e4rme. Ihre besten Farben spiegeln das wider, was Sie in einem Herbstwald sehen &#8211; goldene Bl\u00e4tter, tiefe Rinde und das Licht am sp\u00e4ten Nachmittag.  <\/p>\n<p>Am besten sehen Sie in warmen, leicht gedeckten Farben aus. Knallige Neonfarben oder frostige Blaut\u00f6ne? Lassen Sie sie weg. Konzentrieren Sie sich stattdessen auf T\u00f6ne, die geerdet und satt wirken. Wenn Sie unsicher sind, <a href=\"https:\/\/coloranalysis.app\/de\/blog\/wie-kann-ich-meine-eigene-farbanalyse-durchfuehren\/\">versuchen Sie es mit einer Farbanalyse<\/a> oder schauen Sie sich <a href=\"https:\/\/www.reddit.com\/r\/coloranalysis\/comments\/g1aiyy\/beginners_to_colour_analysis_this_is_how_you_can\/\" target=\"_blank\" rel=\"nofollow\" >diesen anf\u00e4ngerfreundlichen Reddit-Leitfaden<\/a> an.    <\/p>\n<h3><span class=\"ez-toc-section\" id=\"Die_wichtigsten_Farben_der_Palette\"><\/span>Die wichtigsten Farben der Palette<span class=\"ez-toc-section-end\"><\/span><\/h3>\n<p>Warme Herbstfarben sind wie Wohlf\u00fchlkost f\u00fcr Ihren Kleiderschrank. Hier sind einige Grundnahrungsmittel: <\/p>\n<ul>\n<li><b>Senfgelb<\/b> &#8211; nicht neonfarben, sondern warm und golden<\/li>\n<li><b>Gebranntes Orange<\/b> &#8211; denken Sie an K\u00fcrbisgew\u00fcrz-Vibes<\/li>\n<li><b>Rostrot<\/b> &#8211; perfekt f\u00fcr Pullover und Lippenstift<\/li>\n<li><b>Olivgr\u00fcn<\/b> &#8211; ideal f\u00fcr Hosen und Jacken<\/li>\n<li><b>Warme Braunt\u00f6ne<\/b> &#8211; wie Kastanie, Zimt und Karamell<\/li>\n<\/ul>\n<p>Mischen Sie diese Farben mit cremigem Beige oder warmem Elfenbein, um tiefere T\u00f6ne auszugleichen. <a href=\"https:\/\/coloranalysis.app\/blog\/color-psychology-in-fashion-colors-that-make-you-feel-good\/\">In diesem farbpsychologischen Leitfaden<\/a> erfahren Sie, warum Sie sich mit diesen Farben ruhig, geerdet und selbstbewusst f\u00fchlen k\u00f6nnen.<\/p>\n<p>Weitere lobende Erw\u00e4hnungen sind zartes Korallenrot, gebranntes Siena und goldenes Ocker. Diese Farben eignen sich gut f\u00fcr Oberteile und Kleider, vor allem, wenn Sie sie mit neutralen Basics kombinieren. <\/p>\n<h2><span class=\"ez-toc-section\" id=\"Wie_Sie_warme_Herbstfarben_tragen\"><\/span>Wie Sie warme Herbstfarben tragen<span class=\"ez-toc-section-end\"><\/span><\/h2>\n<p><img decoding=\"async\" src=\"https:\/\/coloranalysis.app\/wp-content\/uploads\/2025\/05\/warm-autumn-color-palette-and-wardrobe-guide-6Q.jpeg\" alt=\"Warme Herbstfarben in Ihre Garderobe einbauen\" width=\"616px\"><\/p>\n<p>Fangen Sie klein an &#8211; vielleicht eine warme olivfarbene Jacke oder eine rostfarbene Bluse. Wenn Sie sich wohler f\u00fchlen, k\u00f6nnen Sie auch tiefere T\u00f6ne w\u00e4hlen. Brauchen Sie Hilfe bei der Definition Ihres Looks? Schauen Sie sich unseren Beitrag \u00fcber die <a href=\"https:\/\/coloranalysis.app\/de\/blog\/sind-sie-der-kritik-ueberdruessig-entdecken-sie-wie-sie-ihren-eigenen-persoenlichen-stil-finden\/\">Suche nach Ihrem pers\u00f6nlichen Stil<\/a> an.   <\/p>\n<p>Warme Herbstfarben sind sehr nachsichtig und lassen sich leicht kombinieren. Sie k\u00f6nnen mehrschichtige Outfits kreieren, die gewollt wirken, ohne \u00fcbertrieben zu wirken. Diese Farbt\u00f6ne harmonieren auf nat\u00fcrliche Weise miteinander, so dass selbst minimaler Aufwand zu einem ausgefeilten Look f\u00fchren kann.  <\/p>\n<h3><span class=\"ez-toc-section\" id=\"Outfit-Tipps\"><\/span>Outfit-Tipps<span class=\"ez-toc-section-end\"><\/span><\/h3>\n<ul>\n<li>Kombinieren Sie Rost mit Oliv oder Senf mit Braun f\u00fcr einfache, erdige Kombinationen.<\/li>\n<li>Verwenden Sie goldfarbenen Schmuck &#8211; verzichten Sie auf Silber, das zu kalt wirken kann.<\/li>\n<li>Halten Sie die Muster dezent: Blumen, Plaids oder Paisleys in herbstlichen T\u00f6nen sind gut geeignet.<\/li>\n<li>Versuchen Sie es mit Kord, Wildleder und Wolle, um die Textur der Saison widerzuspiegeln.<\/li>\n<\/ul>\n<p>Layering ist Ihr Freund. Mischen Sie Texturen wie Wildleder, Strick und Baumwolle, um Dimensionen hinzuzuf\u00fcgen, w\u00e4hrend Sie bei Ihrer warmen Farbpalette bleiben. <\/p>\n<h2><span class=\"ez-toc-section\" id=\"Accessoires_und_Akzente\"><\/span>Accessoires und Akzente<span class=\"ez-toc-section-end\"><\/span><\/h2>\n<p><img decoding=\"async\" src=\"https:\/\/coloranalysis.app\/wp-content\/uploads\/2025\/05\/warm-autumn-color-palette-and-wardrobe-guide-eZ.jpeg\" alt=\"Komplement\u00e4re Farben und Muster\" width=\"616px\"><\/p>\n<p>Bei den Accessoires k\u00f6nnen Sie verspielt sein, ohne die Farbpalette zu verlassen. Denken Sie an Schals in Senf oder verbranntem Orange, Stiefel in Schokoladenbraun oder Ohrringe mit warmen Steinen wie Bernstein oder Karneol. <\/p>\n<p>Eine rostfarbene Handtasche oder ein goldbrauner G\u00fcrtel sorgen f\u00fcr den n\u00f6tigen Pepp. Und wenn Sie etwas Print m\u00f6chten &#8211; versuchen Sie es mit zarten Tiermotiven oder Herbstblumen. <\/p>\n<p>Sonnenbrillen in warmen T\u00f6nen, G\u00fcrtel aus hellbraunem Leder oder sogar kupferfarbene Haarspangen k\u00f6nnen Ihr gesamtes Outfit zusammenhalten.<\/p>\n<p>Mehr Ideen hier: <a href=\"https:\/\/coloranalysis.app\/blog\/how-to-match-your-look-to-get-the-most-stylish-outfits\/\">Passen Sie Ihren Look mit den richtigen Teilen an<\/a>.<\/p>\n<h2><span class=\"ez-toc-section\" id=\"Letzte_Styling-Tipps\"><\/span>Letzte Styling-Tipps<span class=\"ez-toc-section-end\"><\/span><\/h2>\n<p><a href=\"https:\/\/coloranalysis.app\/de\/blog\/tipps-um-ihren-look-auf-die-naechste-stufe-zu-heben-und-ihren-stil-zu-verbessern\/\">Dieser Leitfaden zum Aufpeppen Ihres Looks<\/a> ist einen Blick wert, wenn Sie bereit sind, Ihren Stil aufzupolieren.<\/p>\n<ul>\n<li>Tun Sie es: Schichten Sie warme T\u00f6ne mit warmen Neutralt\u00f6nen wie Camel oder Creme.<\/li>\n<li>Vermeiden Sie es: Tragen Sie eisige T\u00f6ne oder reines Schwarz &#8211; sie w\u00fcrden mit Ihrer W\u00e4rme kollidieren.<\/li>\n<li>Tun Sie es: Versuchen Sie es mit tonalen Outfits (verschiedene Schattierungen der gleichen Farbe) f\u00fcr einen eleganten Look.<\/li>\n<li>Vermeiden Sie: \u00dcbertreiben Sie es mit den Accessoires. Lassen Sie Ihre warme Farbpalette mit ein paar Schl\u00fcsselst\u00fccken erstrahlen. <\/li>\n<li>Tun Sie es: Verwenden Sie erdfarbenen Nagellack und pfirsichfarbenes Make-up, um Ihren Look zu vervollst\u00e4ndigen.<\/li>\n<\/ul>\n<h2><span class=\"ez-toc-section\" id=\"Haeufig_gestellte_Fragen\"><\/span>H\u00e4ufig gestellte Fragen<span class=\"ez-toc-section-end\"><\/span><\/h2>\n<p><img decoding=\"async\" src=\"https:\/\/coloranalysis.app\/wp-content\/uploads\/2025\/05\/warm-autumn-color-palette-and-wardrobe-guide-sM.jpeg\" alt=\"H\u00e4ufig gestellte Fragen\" width=\"616px\"><\/p>\n<h3><span class=\"ez-toc-section\" id=\"Was_ist_der_Warme_Herbst\"><\/span>Was ist der Warme Herbst?<span class=\"ez-toc-section-end\"><\/span><\/h3>\n<p>Es ist eine saisonale Farbpalette f\u00fcr Menschen mit goldenen Untert\u00f6nen, warmen Augen und Haaren, die am besten zu satten Herbstfarben passen.<\/p>\n<h3><span class=\"ez-toc-section\" id=\"Kann_ich_diese_Farben_das_ganze_Jahr_ueber_tragen\"><\/span>Kann ich diese Farben das ganze Jahr \u00fcber tragen?<span class=\"ez-toc-section-end\"><\/span><\/h3>\n<p>Ja! \u00c4ndern Sie einfach die Stoffe und Schichten. Senf und Rost funktionieren im Fr\u00fchling mit leichteren Materialien oder im Winter mit Strick und Schals. Im Sommer k\u00f6nnen Sie Ihre Outfits auch mit zarten Korallent\u00f6nen aufhellen.   <\/p>\n<h3><span class=\"ez-toc-section\" id=\"Was_wenn_ich_kuehle_Farben_mag\"><\/span>Was, wenn ich k\u00fchle Farben mag?<span class=\"ez-toc-section-end\"><\/span><\/h3>\n<p>Sie k\u00f6nnen sie trotzdem tragen &#8211; halten Sie sie nur von Ihrem Gesicht fern. Oder w\u00e4hlen Sie leicht aufgew\u00e4rmte Versionen, wie z.B. ein gr\u00fcnliches Teal anstelle von eisigem Blau. <\/p>\n<h3><span class=\"ez-toc-section\" id=\"Kann_diese_Palette_als_Make-up_verwendet_werden\"><\/span>Kann diese Palette als Make-up verwendet werden?<span class=\"ez-toc-section-end\"><\/span><\/h3>\n<p>Eindeutig. Terrakottafarbenes Rouge, warm-brauner Eyeliner und pfirsichfarbene Lippenstifte sehen an warmen Herbsttypen gro\u00dfartig aus. Sie k\u00f6nnen auch olivfarbenen Lidschatten oder einen bronzenen Highlighter verwenden, um Ihre Gesichtsz\u00fcge zu erw\u00e4rmen.  <\/p>\n<h3><span class=\"ez-toc-section\" id=\"Gibt_es_prominente_Beispiele\"><\/span>Gibt es prominente Beispiele?<span class=\"ez-toc-section-end\"><\/span><\/h3>\n<p>Ja &#8211; Jennifer Lopez, Jessica Alba, Tyra Banks und Beyonce werden oft als klassische Warm Autumns zitiert. Denken Sie an leuchtende Haut und kr\u00e4ftige warme Farbt\u00f6ne. Diese Ber\u00fchmtheiten sind eine gro\u00dfartige Inspiration, wenn Sie Farben f\u00fcr Ihr Outfit oder Ihr Make-up aussuchen.  <\/p>\n","protected":false},"excerpt":{"rendered":"<p>Der warme Herbst f\u00fchlt sich an wie Ihr kuscheliger Lieblingspullover &#8211; gem\u00fctlich, reichhaltig und voller Pers\u00f6nlichkeit. Denken Sie an goldene Bl\u00e4tter, Abendlicht und warme Gew\u00fcrze. Wenn Sie sich schon immer zu erdigen T\u00f6nen wie Rost, Olive oder Senf hingezogen gef\u00fchlt haben, ist die Wahrscheinlichkeit gro\u00df, dass diese Farbpalette wie f\u00fcr Sie gemacht ist. In diesem [&hellip;]<\/p>\n","protected":false},"author":4,"featured_media":7334,"comment_status":"closed","ping_status":"open","sticky":false,"template":"","format":"standard","meta":{"footnotes":""},"categories":[73],"tags":[],"class_list":["post-7366","post","type-post","status-publish","format-standard","has-post-thumbnail","hentry","category-saisonale-farbpaletten"],"yoast_head":"<!-- This site is optimized with the Yoast SEO plugin v26.1.1 - https:\/\/yoast.com\/wordpress\/plugins\/seo\/ -->\n<title>Farbpalette und Garderobe f\u00fcr den warmen Herbst<\/title>\n<meta name=\"description\" content=\"Saisonale Farbpaletten\" \/>\n<meta name=\"robots\" content=\"index, follow, max-snippet:-1, max-image-preview:large, max-video-preview:-1\" \/>\n<link rel=\"canonical\" href=\"https:\/\/coloranalysis.app\/de\/blog\/farbpalette-und-garderobe-fuer-den-warmen-herbst\/\" \/>\n<meta property=\"og:locale\" content=\"de_DE\" \/>\n<meta property=\"og:type\" content=\"article\" \/>\n<meta property=\"og:title\" content=\"Farbpalette und Garderobe f\u00fcr den warmen Herbst\" \/>\n<meta property=\"og:description\" content=\"Saisonale Farbpaletten\" \/>\n<meta property=\"og:url\" content=\"https:\/\/coloranalysis.app\/de\/blog\/farbpalette-und-garderobe-fuer-den-warmen-herbst\/\" \/>\n<meta property=\"og:site_name\" content=\"Color Analysis AI\" \/>\n<meta property=\"article:published_time\" content=\"2025-05-15T13:46:19+00:00\" \/>\n<meta property=\"og:image\" content=\"https:\/\/coloranalysis.app\/wp-content\/uploads\/2025\/05\/warm-autumn-color-palette-and-wardrobe-guide-6Q.jpeg\" \/>\n\t<meta property=\"og:image:width\" content=\"1232\" \/>\n\t<meta property=\"og:image:height\" content=\"928\" \/>\n\t<meta property=\"og:image:type\" content=\"image\/jpeg\" \/>\n<meta name=\"author\" content=\"Editor\" \/>\n<meta name=\"twitter:card\" content=\"summary_large_image\" \/>\n<meta name=\"twitter:label1\" content=\"Verfasst von\" \/>\n\t<meta name=\"twitter:data1\" content=\"Editor\" \/>\n\t<meta name=\"twitter:label2\" content=\"Gesch\u00e4tzte Lesezeit\" \/>\n\t<meta name=\"twitter:data2\" content=\"5\u00a0Minuten\" \/>\n<script type=\"application\/ld+json\" class=\"yoast-schema-graph\">{\"@context\":\"https:\/\/schema.org\",\"@graph\":[{\"@type\":\"Article\",\"@id\":\"https:\/\/coloranalysis.app\/de\/blog\/farbpalette-und-garderobe-fuer-den-warmen-herbst\/#article\",\"isPartOf\":{\"@id\":\"https:\/\/coloranalysis.app\/de\/blog\/farbpalette-und-garderobe-fuer-den-warmen-herbst\/\"},\"author\":{\"name\":\"Editor\",\"@id\":\"https:\/\/coloranalysis.app\/de\/#\/schema\/person\/2a2532148e1fc715b75f9ac33328e93b\"},\"headline\":\"Farbpalette und Garderobe f\u00fcr den warmen Herbst\",\"datePublished\":\"2025-05-15T13:46:19+00:00\",\"mainEntityOfPage\":{\"@id\":\"https:\/\/coloranalysis.app\/de\/blog\/farbpalette-und-garderobe-fuer-den-warmen-herbst\/\"},\"wordCount\":1086,\"publisher\":{\"@id\":\"https:\/\/coloranalysis.app\/de\/#organization\"},\"image\":{\"@id\":\"https:\/\/coloranalysis.app\/de\/blog\/farbpalette-und-garderobe-fuer-den-warmen-herbst\/#primaryimage\"},\"thumbnailUrl\":\"https:\/\/coloranalysis.app\/wp-content\/uploads\/2025\/05\/warm-autumn-color-palette-and-wardrobe-guide-6Q.jpeg\",\"articleSection\":[\"Saisonale Farbpaletten\"],\"inLanguage\":\"de\"},{\"@type\":\"WebPage\",\"@id\":\"https:\/\/coloranalysis.app\/de\/blog\/farbpalette-und-garderobe-fuer-den-warmen-herbst\/\",\"url\":\"https:\/\/coloranalysis.app\/de\/blog\/farbpalette-und-garderobe-fuer-den-warmen-herbst\/\",\"name\":\"Farbpalette und Garderobe f\u00fcr den warmen Herbst\",\"isPartOf\":{\"@id\":\"https:\/\/coloranalysis.app\/de\/#website\"},\"primaryImageOfPage\":{\"@id\":\"https:\/\/coloranalysis.app\/de\/blog\/farbpalette-und-garderobe-fuer-den-warmen-herbst\/#primaryimage\"},\"image\":{\"@id\":\"https:\/\/coloranalysis.app\/de\/blog\/farbpalette-und-garderobe-fuer-den-warmen-herbst\/#primaryimage\"},\"thumbnailUrl\":\"https:\/\/coloranalysis.app\/wp-content\/uploads\/2025\/05\/warm-autumn-color-palette-and-wardrobe-guide-6Q.jpeg\",\"datePublished\":\"2025-05-15T13:46:19+00:00\",\"description\":\"Saisonale Farbpaletten\",\"breadcrumb\":{\"@id\":\"https:\/\/coloranalysis.app\/de\/blog\/farbpalette-und-garderobe-fuer-den-warmen-herbst\/#breadcrumb\"},\"inLanguage\":\"de\",\"potentialAction\":[{\"@type\":\"ReadAction\",\"target\":[\"https:\/\/coloranalysis.app\/de\/blog\/farbpalette-und-garderobe-fuer-den-warmen-herbst\/\"]}]},{\"@type\":\"ImageObject\",\"inLanguage\":\"de\",\"@id\":\"https:\/\/coloranalysis.app\/de\/blog\/farbpalette-und-garderobe-fuer-den-warmen-herbst\/#primaryimage\",\"url\":\"https:\/\/coloranalysis.app\/wp-content\/uploads\/2025\/05\/warm-autumn-color-palette-and-wardrobe-guide-6Q.jpeg\",\"contentUrl\":\"https:\/\/coloranalysis.app\/wp-content\/uploads\/2025\/05\/warm-autumn-color-palette-and-wardrobe-guide-6Q.jpeg\",\"width\":1232,\"height\":928,\"caption\":\"Warme Herbstfarben in Ihrer Garderobe\"},{\"@type\":\"BreadcrumbList\",\"@id\":\"https:\/\/coloranalysis.app\/de\/blog\/farbpalette-und-garderobe-fuer-den-warmen-herbst\/#breadcrumb\",\"itemListElement\":[{\"@type\":\"ListItem\",\"position\":1,\"name\":\"Home\",\"item\":\"https:\/\/coloranalysis.app\/de\/\"},{\"@type\":\"ListItem\",\"position\":2,\"name\":\"Farbpalette und Garderobe f\u00fcr den warmen Herbst\"}]},{\"@type\":\"WebSite\",\"@id\":\"https:\/\/coloranalysis.app\/de\/#website\",\"url\":\"https:\/\/coloranalysis.app\/de\/\",\"name\":\"Color Analysis AI\",\"description\":\"Dressika App\",\"publisher\":{\"@id\":\"https:\/\/coloranalysis.app\/de\/#organization\"},\"alternateName\":\"Dressika\",\"potentialAction\":[{\"@type\":\"SearchAction\",\"target\":{\"@type\":\"EntryPoint\",\"urlTemplate\":\"https:\/\/coloranalysis.app\/de\/?s={search_term_string}\"},\"query-input\":{\"@type\":\"PropertyValueSpecification\",\"valueRequired\":true,\"valueName\":\"search_term_string\"}}],\"inLanguage\":\"de\"},{\"@type\":\"Organization\",\"@id\":\"https:\/\/coloranalysis.app\/de\/#organization\",\"name\":\"Color Analysis AI\",\"url\":\"https:\/\/coloranalysis.app\/de\/\",\"logo\":{\"@type\":\"ImageObject\",\"inLanguage\":\"de\",\"@id\":\"https:\/\/coloranalysis.app\/de\/#\/schema\/logo\/image\/\",\"url\":\"https:\/\/coloranalysis.app\/wp-content\/uploads\/2024\/04\/logo.webp\",\"contentUrl\":\"https:\/\/coloranalysis.app\/wp-content\/uploads\/2024\/04\/logo.webp\",\"width\":300,\"height\":300,\"caption\":\"Color Analysis AI\"},\"image\":{\"@id\":\"https:\/\/coloranalysis.app\/de\/#\/schema\/logo\/image\/\"}},{\"@type\":\"Person\",\"@id\":\"https:\/\/coloranalysis.app\/de\/#\/schema\/person\/2a2532148e1fc715b75f9ac33328e93b\",\"name\":\"Editor\",\"image\":{\"@type\":\"ImageObject\",\"inLanguage\":\"de\",\"@id\":\"https:\/\/coloranalysis.app\/de\/#\/schema\/person\/image\/\",\"url\":\"https:\/\/secure.gravatar.com\/avatar\/c7a232436113c099708fe869e6e230d98df317b75f62a00b179b68c38ad17192?s=96&d=mm&r=g\",\"contentUrl\":\"https:\/\/secure.gravatar.com\/avatar\/c7a232436113c099708fe869e6e230d98df317b75f62a00b179b68c38ad17192?s=96&d=mm&r=g\",\"caption\":\"Editor\"}}]}<\/script>\n<!-- \/ Yoast SEO plugin. -->","yoast_head_json":{"title":"Farbpalette und Garderobe f\u00fcr den warmen Herbst","description":"Saisonale Farbpaletten","robots":{"index":"index","follow":"follow","max-snippet":"max-snippet:-1","max-image-preview":"max-image-preview:large","max-video-preview":"max-video-preview:-1"},"canonical":"https:\/\/coloranalysis.app\/de\/blog\/farbpalette-und-garderobe-fuer-den-warmen-herbst\/","og_locale":"de_DE","og_type":"article","og_title":"Farbpalette und Garderobe f\u00fcr den warmen Herbst","og_description":"Saisonale Farbpaletten","og_url":"https:\/\/coloranalysis.app\/de\/blog\/farbpalette-und-garderobe-fuer-den-warmen-herbst\/","og_site_name":"Color Analysis AI","article_published_time":"2025-05-15T13:46:19+00:00","og_image":[{"width":1232,"height":928,"url":"https:\/\/coloranalysis.app\/wp-content\/uploads\/2025\/05\/warm-autumn-color-palette-and-wardrobe-guide-6Q.jpeg","type":"image\/jpeg"}],"author":"Editor","twitter_card":"summary_large_image","twitter_misc":{"Verfasst von":"Editor","Gesch\u00e4tzte Lesezeit":"5\u00a0Minuten"},"schema":{"@context":"https:\/\/schema.org","@graph":[{"@type":"Article","@id":"https:\/\/coloranalysis.app\/de\/blog\/farbpalette-und-garderobe-fuer-den-warmen-herbst\/#article","isPartOf":{"@id":"https:\/\/coloranalysis.app\/de\/blog\/farbpalette-und-garderobe-fuer-den-warmen-herbst\/"},"author":{"name":"Editor","@id":"https:\/\/coloranalysis.app\/de\/#\/schema\/person\/2a2532148e1fc715b75f9ac33328e93b"},"headline":"Farbpalette und Garderobe f\u00fcr den warmen Herbst","datePublished":"2025-05-15T13:46:19+00:00","mainEntityOfPage":{"@id":"https:\/\/coloranalysis.app\/de\/blog\/farbpalette-und-garderobe-fuer-den-warmen-herbst\/"},"wordCount":1086,"publisher":{"@id":"https:\/\/coloranalysis.app\/de\/#organization"},"image":{"@id":"https:\/\/coloranalysis.app\/de\/blog\/farbpalette-und-garderobe-fuer-den-warmen-herbst\/#primaryimage"},"thumbnailUrl":"https:\/\/coloranalysis.app\/wp-content\/uploads\/2025\/05\/warm-autumn-color-palette-and-wardrobe-guide-6Q.jpeg","articleSection":["Saisonale Farbpaletten"],"inLanguage":"de"},{"@type":"WebPage","@id":"https:\/\/coloranalysis.app\/de\/blog\/farbpalette-und-garderobe-fuer-den-warmen-herbst\/","url":"https:\/\/coloranalysis.app\/de\/blog\/farbpalette-und-garderobe-fuer-den-warmen-herbst\/","name":"Farbpalette und Garderobe f\u00fcr den warmen Herbst","isPartOf":{"@id":"https:\/\/coloranalysis.app\/de\/#website"},"primaryImageOfPage":{"@id":"https:\/\/coloranalysis.app\/de\/blog\/farbpalette-und-garderobe-fuer-den-warmen-herbst\/#primaryimage"},"image":{"@id":"https:\/\/coloranalysis.app\/de\/blog\/farbpalette-und-garderobe-fuer-den-warmen-herbst\/#primaryimage"},"thumbnailUrl":"https:\/\/coloranalysis.app\/wp-content\/uploads\/2025\/05\/warm-autumn-color-palette-and-wardrobe-guide-6Q.jpeg","datePublished":"2025-05-15T13:46:19+00:00","description":"Saisonale Farbpaletten","breadcrumb":{"@id":"https:\/\/coloranalysis.app\/de\/blog\/farbpalette-und-garderobe-fuer-den-warmen-herbst\/#breadcrumb"},"inLanguage":"de","potentialAction":[{"@type":"ReadAction","target":["https:\/\/coloranalysis.app\/de\/blog\/farbpalette-und-garderobe-fuer-den-warmen-herbst\/"]}]},{"@type":"ImageObject","inLanguage":"de","@id":"https:\/\/coloranalysis.app\/de\/blog\/farbpalette-und-garderobe-fuer-den-warmen-herbst\/#primaryimage","url":"https:\/\/coloranalysis.app\/wp-content\/uploads\/2025\/05\/warm-autumn-color-palette-and-wardrobe-guide-6Q.jpeg","contentUrl":"https:\/\/coloranalysis.app\/wp-content\/uploads\/2025\/05\/warm-autumn-color-palette-and-wardrobe-guide-6Q.jpeg","width":1232,"height":928,"caption":"Warme Herbstfarben in Ihrer Garderobe"},{"@type":"BreadcrumbList","@id":"https:\/\/coloranalysis.app\/de\/blog\/farbpalette-und-garderobe-fuer-den-warmen-herbst\/#breadcrumb","itemListElement":[{"@type":"ListItem","position":1,"name":"Home","item":"https:\/\/coloranalysis.app\/de\/"},{"@type":"ListItem","position":2,"name":"Farbpalette und Garderobe f\u00fcr den warmen Herbst"}]},{"@type":"WebSite","@id":"https:\/\/coloranalysis.app\/de\/#website","url":"https:\/\/coloranalysis.app\/de\/","name":"Color Analysis AI","description":"Dressika App","publisher":{"@id":"https:\/\/coloranalysis.app\/de\/#organization"},"alternateName":"Dressika","potentialAction":[{"@type":"SearchAction","target":{"@type":"EntryPoint","urlTemplate":"https:\/\/coloranalysis.app\/de\/?s={search_term_string}"},"query-input":{"@type":"PropertyValueSpecification","valueRequired":true,"valueName":"search_term_string"}}],"inLanguage":"de"},{"@type":"Organization","@id":"https:\/\/coloranalysis.app\/de\/#organization","name":"Color Analysis AI","url":"https:\/\/coloranalysis.app\/de\/","logo":{"@type":"ImageObject","inLanguage":"de","@id":"https:\/\/coloranalysis.app\/de\/#\/schema\/logo\/image\/","url":"https:\/\/coloranalysis.app\/wp-content\/uploads\/2024\/04\/logo.webp","contentUrl":"https:\/\/coloranalysis.app\/wp-content\/uploads\/2024\/04\/logo.webp","width":300,"height":300,"caption":"Color Analysis AI"},"image":{"@id":"https:\/\/coloranalysis.app\/de\/#\/schema\/logo\/image\/"}},{"@type":"Person","@id":"https:\/\/coloranalysis.app\/de\/#\/schema\/person\/2a2532148e1fc715b75f9ac33328e93b","name":"Editor","image":{"@type":"ImageObject","inLanguage":"de","@id":"https:\/\/coloranalysis.app\/de\/#\/schema\/person\/image\/","url":"https:\/\/secure.gravatar.com\/avatar\/c7a232436113c099708fe869e6e230d98df317b75f62a00b179b68c38ad17192?s=96&d=mm&r=g","contentUrl":"https:\/\/secure.gravatar.com\/avatar\/c7a232436113c099708fe869e6e230d98df317b75f62a00b179b68c38ad17192?s=96&d=mm&r=g","caption":"Editor"}}]}},"_links":{"self":[{"href":"https:\/\/coloranalysis.app\/de\/wp-json\/wp\/v2\/posts\/7366","targetHints":{"allow":["GET"]}}],"collection":[{"href":"https:\/\/coloranalysis.app\/de\/wp-json\/wp\/v2\/posts"}],"about":[{"href":"https:\/\/coloranalysis.app\/de\/wp-json\/wp\/v2\/types\/post"}],"author":[{"embeddable":true,"href":"https:\/\/coloranalysis.app\/de\/wp-json\/wp\/v2\/users\/4"}],"replies":[{"embeddable":true,"href":"https:\/\/coloranalysis.app\/de\/wp-json\/wp\/v2\/comments?post=7366"}],"version-history":[{"count":1,"href":"https:\/\/coloranalysis.app\/de\/wp-json\/wp\/v2\/posts\/7366\/revisions"}],"predecessor-version":[{"id":7367,"href":"https:\/\/coloranalysis.app\/de\/wp-json\/wp\/v2\/posts\/7366\/revisions\/7367"}],"wp:featuredmedia":[{"embeddable":true,"href":"https:\/\/coloranalysis.app\/de\/wp-json\/wp\/v2\/media\/7334"}],"wp:attachment":[{"href":"https:\/\/coloranalysis.app\/de\/wp-json\/wp\/v2\/media?parent=7366"}],"wp:term":[{"taxonomy":"category","embeddable":true,"href":"https:\/\/coloranalysis.app\/de\/wp-json\/wp\/v2\/categories?post=7366"},{"taxonomy":"post_tag","embeddable":true,"href":"https:\/\/coloranalysis.app\/de\/wp-json\/wp\/v2\/tags?post=7366"}],"curies":[{"name":"wp","href":"https:\/\/api.w.org\/{rel}","templated":true}]}}