{"id":1219,"date":"2024-05-15T09:28:31","date_gmt":"2024-05-15T09:28:31","guid":{"rendered":"https:\/\/new.coloranalysis.app\/?p=1219"},"modified":"2024-05-23T10:55:20","modified_gmt":"2024-05-23T10:55:20","slug":"descubre-por-que-tardas-en-vestirte-y-como-solucionarlo","status":"publish","type":"post","link":"https:\/\/coloranalysis.app\/es\/blog\/descubre-por-que-tardas-en-vestirte-y-como-solucionarlo\/","title":{"rendered":"Descubre por qu\u00e9 tardas en vestirte y c\u00f3mo solucionarlo\u00a0\u00a0"},"content":{"rendered":"<div id=\"ez-toc-container\" class=\"ez-toc-v2_0_76 ez-toc-wrap-left counter-hierarchy ez-toc-counter ez-toc-custom ez-toc-container-direction\">\n<div class=\"ez-toc-title-container\">\n<p class=\"ez-toc-title\" style=\"cursor:inherit\"><\/p>\n<span class=\"ez-toc-title-toggle\"><\/span><\/div>\n<nav><ul class='ez-toc-list ez-toc-list-level-1 ' ><li class='ez-toc-page-1 ez-toc-heading-level-2'><a class=\"ez-toc-link ez-toc-heading-1\" href=\"#\" data-href=\"https:\/\/coloranalysis.app\/es\/blog\/descubre-por-que-tardas-en-vestirte-y-como-solucionarlo\/#Factores_psicologicos_que_impactan_el_tiempo_de_vestirse\" >Factores psicol\u00f3gicos que impactan el tiempo de vestirse<\/a><\/li><li class='ez-toc-page-1 ez-toc-heading-level-2'><a class=\"ez-toc-link ez-toc-heading-2\" href=\"#\" data-href=\"https:\/\/coloranalysis.app\/es\/blog\/descubre-por-que-tardas-en-vestirte-y-como-solucionarlo\/#Consejos_practicos_para_agilizar_tus_elecciones\" >Consejos pr\u00e1cticos para agilizar tus elecciones<\/a><\/li><li class='ez-toc-page-1 ez-toc-heading-level-2'><a class=\"ez-toc-link ez-toc-heading-3\" href=\"#\" data-href=\"https:\/\/coloranalysis.app\/es\/blog\/descubre-por-que-tardas-en-vestirte-y-como-solucionarlo\/#Sistemas_eficientes_de_organizacion_con_tu_ropa\" >Sistemas eficientes de organizaci\u00f3n con tu ropa<\/a><\/li><li class='ez-toc-page-1 ez-toc-heading-level-2'><a class=\"ez-toc-link ez-toc-heading-4\" href=\"#\" data-href=\"https:\/\/coloranalysis.app\/es\/blog\/descubre-por-que-tardas-en-vestirte-y-como-solucionarlo\/#Usar_tecnologia_y_aplicaciones_como_una_rutina_habitual\" >Usar tecnolog\u00eda y aplicaciones como una rutina habitual<\/a><\/li><\/ul><\/nav><\/div>\n\n<p>Cuando te planteas qu\u00e9 ponerte y vuela ese tiempo tan preciado delante del armario dudando, puede parecer un peque\u00f1o contratiempo matutino, pero es una situaci\u00f3n que puede acabar marcando el ritmo de tu d\u00eda, haci\u00e9ndote llegar tarde y afectando tu estado de \u00e1nimo y productividad. Si pensamos en por qu\u00e9 tardamos tanto en vestirnos, entran en juego varios factores, que se pueden categorizar en indecisi\u00f3n en cuanto a que vamos a ponernos, armarios desorganizados y el estr\u00e9s de escoger un conjunto que no sea el adecuado. Entremos de detalle en cada uno de estos factores que nos afectan emocionalmente de alguna manera.<\/p>\n\n\n\n<p>Veremos tambi\u00e9n algunas posibles soluciones para aliviar este estr\u00e9s diario.<\/p>\n\n\n\n<ul class=\"wp-block-list\">\n<li><strong>El engorro de tomar una decisi\u00f3n:<\/strong> esta situaci\u00f3n es un desaf\u00edo real, especialmente por las ma\u00f1anas. Tomamos innumerables decisiones al comenzar el d\u00eda, y elegir algo que ponernos puede parecer s\u00f3lo una tarea m\u00e1s. Esto puede llevar a la indecisi\u00f3n y la insatisfacci\u00f3n en nuestras elecciones de armario, retrasando a\u00fan m\u00e1s el proceso. Adem\u00e1s, un armario desorganizado no ayuda. Si tu ropa no est\u00e1 ordenada o accesible, es probable que pierdas un precioso tiempo buscando en montones desordenados de ropa tratando de encontrar esa camisa o un par de calcetines.<\/li>\n<\/ul>\n\n\n\n<ul class=\"wp-block-list\">\n<li><strong>La ropa representa nuestra imagen:<\/strong> La preocupaci\u00f3n por la apariencia, encajar en un c\u00edrculo social o profesional, o aspirar a vestir de cierta manera puede ocasionar que tardemos excesivamente en probarnos y descartar m\u00faltiples opciones. Abordar estos desaf\u00edos implica comprender los aspectos psicol\u00f3gicos y pr\u00e1cticos que llevan a esa p\u00e9rdida de tiempo inutil e implementar soluciones estructuradas para evitarlos, asegurando que vestirnos se convierta en una tarea agradable de nuestro d\u00eda en lugar de algo verdaderamente frustrante.<\/li>\n<\/ul>\n\n\n\n<h2 class=\"wp-block-heading\"><span class=\"ez-toc-section\" id=\"Factores_psicologicos_que_impactan_el_tiempo_de_vestirse\"><\/span><strong>Factores psicol\u00f3gicos que impactan el tiempo de vestirse<\/strong><span class=\"ez-toc-section-end\"><\/span><\/h2>\n\n\n\n<p>Adentrarse en los factores psicol\u00f3gicos que impactan el tiempo de vestirse revela informaci\u00f3n esencial sobre por qu\u00e9 a veces tardamos en exceso para una tarea que deber\u00eda ser algo tan simple y rutinario. Una contribuci\u00f3n significativa es la falta de decisi\u00f3n. A medida que filtras tus opciones en tu vestuario, cada decisi\u00f3n que tomas consume un poco de tu energ\u00eda mental. Cuando est\u00e1s a mitad de camino en la selecci\u00f3n de alg\u00fan conjunto para ese d\u00eda, puedes sentirte mentalmente agotado, lo que puede ralentizar el proceso de toma de decisiones y alargar el tiempo que te lleva realizar todo el proceso. Otro aspecto psicol\u00f3gico es la conexi\u00f3n emocional con la ropa. Las prendas de tu armario pueden estar ligadas a recuerdos o emociones, lo que a veces hace que sea m\u00e1s complicado una elecci\u00f3n m\u00e1s objetiva. Esta carga emocional puede convertir lo que deber\u00eda ser una tarea r\u00e1pida en una p\u00e9rdida importante de tiempo.<\/p>\n\n\n\n<p>\u00bfQu\u00e9 pasa con la presi\u00f3n que nos ocasionan las expectativas sociales? El estr\u00e9s de vestirse para cumplir con los est\u00e1ndares sociales establecidos puede afectar la efectividad en la toma de decisiones diarias. Te empiezas preocupando por lo que es apropiado para un evento en concreto, si lo que has elegido para ese d\u00eda es demasiado formal o casual, o c\u00f3mo te van a percibir, para acabar sentado delante de tu armario sin ver m\u00e1s que un mont\u00f3n de ropa en el suelo. Todas estas situaciones tan comunes pueden alargar enormemente el proceso de vestirse. Comprender estos obst\u00e1culos psicol\u00f3gicos es el primer paso para abordarlos. Para aquellos que buscan soluciones r\u00e1pidas para este problema, reconocer estos factores puede ser un cambio para toda la vida. Al ser consciente del impacto de esa indecisi\u00f3n a la hora de elegir tu vestuario, los apegos emocionales y las presiones sociales, podemos desarrollar estrategias para agilizar el proceso, reduciendo as\u00ed el tiempo empleado, mejorando tu relaci\u00f3n <a href=\"https:\/\/coloranalysis.app\/es\/blog\/organiza-tu-armario-con-estos-pasos-practicos-y-sencillos\/\"  data-wpil-monitor-id=\"1026\">con tu armario<\/a> y la rutina para vestirte.<\/p>\n\n\n\n<h2 class=\"wp-block-heading\"><span class=\"ez-toc-section\" id=\"Consejos_practicos_para_agilizar_tus_elecciones\"><\/span><strong>Consejos pr\u00e1cticos para agilizar tus elecciones<\/strong><span class=\"ez-toc-section-end\"><\/span><\/h2>\n\n\n\n<p>Agilizar tus elecciones de armario es vital cuando se trata de reducir el tiempo que se tarda en vestirse. Un <a href=\"https:\/\/coloranalysis.app\/es\/blog\/renueva-tu-armario-sin-que-te-arruines\/\"  data-wpil-monitor-id=\"1027\">armario bien organizado<\/a>, donde cada pieza tiene un prop\u00f3sito y complementa tu estilo de vida, puede ahorrarte mucho tiempo. A continuaci\u00f3n, unos consejos muy \u00fatiles para empezar a ser m\u00e1s eficiente:<\/p>\n\n\n\n<ul class=\"wp-block-list\">\n<li><strong>Haz una criba:<\/strong> Comienza por tomar nota de lo que usas regularmente y lo que no. Eliminar art\u00edculos que no te quedan bien o est\u00e1n pasados de moda, simplifica tus elecciones y reduce el estr\u00e9s.<\/li>\n<\/ul>\n\n\n\n<ul class=\"wp-block-list\">\n<li><strong>Armario c\u00e1psula:<\/strong> Considera organizarte un armario c\u00e1psula, enfocado en un n\u00famero limitado de combinaciones que te gustan y que combinan bien entre ellas. Este enfoque no solo hace que las elecciones diarias sean m\u00e1s f\u00e1ciles, sino que tambi\u00e9n asegura que todo combine bien, ofreciendo soluciones r\u00e1pidas para vestirte.<\/li>\n<\/ul>\n\n\n\n<ul class=\"wp-block-list\">\n<li><strong>Coordinaci\u00f3n de colores:<\/strong> Organiza tu ropa seg\u00fan el color y el tipo. Por ejemplo, mant\u00e9n todas las camisas de vestir juntas, preferiblemente ordenadas por color. Este m\u00e9todo simple acelera el proceso de encontrar y combinar prendas.<\/li>\n<\/ul>\n\n\n\n<ul class=\"wp-block-list\">\n<li><strong>Tecnolog\u00eda que ayuda: <\/strong>Con respecto al punto anterior, por qu\u00e9 romperse la cabeza si existen apps como <strong>Colorimetr\u00eda &#8211; Dressika app<\/strong> para que te ayuden a elegir el color que te favorece m\u00e1s y los que le combinan mejor. Esta aplicaci\u00f3n consigue que con solo subir tu foto y en unos segundos, proporcione un an\u00e1lisis profesional de tu paleta ideal de colores y cuales puedes combinar. Todo esto bas\u00e1ndose en tu tono de piel y de cabello, incluso d\u00e1ndote los mejores consejos en cuanto a tu maquillaje. De esta manera, organizar tu armario, vestirte y salir de compras ser\u00e1 much\u00edsimo m\u00e1s divertido y relajado.&nbsp;<\/li>\n<\/ul>\n\n\n\n<ul class=\"wp-block-list\">\n<li><strong>Rotaci\u00f3n estacional:<\/strong> Guarda la ropa fuera de temporada. Esto limita tus opciones a las apropiadas para el clima, reduciendo el tiempo que pasas rebuscando entre su\u00e9teres en verano o pantalones cortos en invierno y dejando tu armario m\u00e1s espacioso.<\/li>\n<\/ul>\n\n\n\n<ul class=\"wp-block-list\">\n<li><strong>Preparaci\u00f3n diaria:<\/strong> Coloca tu ropa la noche anterior. Esta estrategia es particularmente \u00fatil para aquellos en que las ma\u00f1anas son una locura o que tienden a preguntarse con frecuencia por qu\u00e9 ha tardado tanto en vestirse. Preparar de antemano lo que te vas a poner elimina la indecisi\u00f3n matutina, permiti\u00e9ndote unos minutos extras para el caf\u00e9 o el desayuno.<\/li>\n<\/ul>\n\n\n\n<p><a href=\"https:\/\/coloranalysis.app\/es\/blog\/aumente-su-autoestima-con-estos-consejos-y-vistase-con-confianza-cada-dia\/\"  data-wpil-monitor-id=\"1028\">Al implementar estos consejos pr\u00e1cticos<\/a>, tu armario no solo se basar\u00e1 en una rutina m\u00e1s r\u00e1pida y organizada, sino que tambi\u00e9n reflejar\u00e1 un enfoque m\u00e1s personal de tu estilo, donde cada elecci\u00f3n ser\u00e1 m\u00e1s intuitiva y cada conjunto ser\u00e1 tu favorito.<\/p>\n\n\n\n<h2 class=\"wp-block-heading\"><span class=\"ez-toc-section\" id=\"Sistemas_eficientes_de_organizacion_con_tu_ropa\"><\/span><strong>Sistemas eficientes de organizaci\u00f3n con tu ropa<\/strong><span class=\"ez-toc-section-end\"><\/span><\/h2>\n\n\n\n<p>Un sistema de organizaci\u00f3n simple y bien establecido puede ser una de las soluciones r\u00e1pidas m\u00e1s efectivas. Al implementar m\u00e9todos organizativos eficientes, puedes reducir el tiempo que pasas buscando y decidiendo cada ma\u00f1ana. Comienza por categorizar tu ropa no solo por tipo sino tambi\u00e9n por ocasi\u00f3n, trabajo, salidas casuales, eventos formales y actividades f\u00edsicas. Esta segmentaci\u00f3n visual inmediata puede abreviar el proceso de elegir las prendas adecuadas para tu agenda diaria.<\/p>\n\n\n\n<p>Adem\u00e1s, dentro de cada categor\u00eda, organiza tus art\u00edculos desde los m\u00e1s hasta los menos usados. Esto coloca tus prendas preferidas al alcance de la mano, acelerando de nuevo el proceso de decisi\u00f3n. Para aquellos con espacio limitado, muebles multifuncionales como otomanas con almacenamiento o camas con cajones incorporados pueden ser una soluci\u00f3n imprescindible para ahorrar espacio y mantener tus art\u00edculos menos usados organizados pero sin que sean un estorbo.<\/p>\n\n\n\n<p>Para la ropa de temporada, considera almacenarla en contenedores etiquetados o bolsas selladas al vac\u00edo para liberar el espacio principal del armario. Esto no solo despeja el espacio, sino que tambi\u00e9n facilita escanear visualmente y sacar lo que realmente necesitas. Recuerda, el objetivo es crear un sistema que te permita vestirte r\u00e1pidamente y de manera eficiente, minimizando el estr\u00e9s y maximizando tu tiempo para hacerle frente al d\u00eda que a\u00fan tienes por delante.<\/p>\n\n\n\n<h2 class=\"wp-block-heading\"><span class=\"ez-toc-section\" id=\"Usar_tecnologia_y_aplicaciones_como_una_rutina_habitual\"><\/span><strong>Usar tecnolog\u00eda y aplicaciones como una rutina habitual<\/strong><span class=\"ez-toc-section-end\"><\/span><\/h2>\n\n\n\n<p>En el mundo en que vivimos en el que todo va tan deprisa y no hay tiempo ni para pensar, aprovechar la tecnolog\u00eda y las aplicaciones online puede proporcionar soluciones r\u00e1pidas para vestirse, minimizando el tiempo y la indecisi\u00f3n a menudo asociados con la elecci\u00f3n de las prendas que nos vamos a poner. Las avanzadas aplicaciones, equipadas con interfaces f\u00e1ciles de usar y algoritmos inteligentes, agilizan el proceso de selecci\u00f3n y te ayudan a organizar tu armario de manera eficiente. Aplicaciones como <strong><a href=\"https:\/\/coloranalysis.app\/es\/colorimetria\/#comp-18d034c91ef\">Colorimetria-Dressika app<\/a><\/strong> ofrecen un enfoque pr\u00e1ctico y sofisticado para personalizar tu estilo y facilitar tu rutina matutina. Con estas tecnolog\u00edas al alcance de tu mano, puedes refinar sin esfuerzo tu armario, asegur\u00e1ndote de siempre salir vestido a la \u00faltima, c\u00f3modo y sin haber perdido media ma\u00f1ana en el proceso.<\/p>\n","protected":false},"excerpt":{"rendered":"<p>Cuando te planteas qu\u00e9 ponerte y vuela ese tiempo tan preciado delante del armario dudando, puede parecer un peque\u00f1o contratiempo matutino, pero es una situaci\u00f3n que puede acabar marcando el ritmo de tu d\u00eda, haci\u00e9ndote llegar tarde y afectando tu estado de \u00e1nimo y productividad. Si pensamos en por qu\u00e9 tardamos tanto en vestirnos, entran [&hellip;]<\/p>\n","protected":false},"author":2,"featured_media":1018,"comment_status":"open","ping_status":"open","sticky":false,"template":"","format":"standard","meta":{"footnotes":""},"categories":[10],"tags":[],"class_list":["post-1219","post","type-post","status-publish","format-standard","has-post-thumbnail","hentry","category-sin-categorizar"],"yoast_head":"<!-- This site is optimized with the Yoast SEO plugin v26.1.1 - https:\/\/yoast.com\/wordpress\/plugins\/seo\/ -->\n<title>Descubre por qu\u00e9 tardas en vestirte y c\u00f3mo solucionarlo\u00a0\u00a0<\/title>\n<meta name=\"description\" content=\"Sin categorizar\" \/>\n<meta name=\"robots\" content=\"index, follow, max-snippet:-1, max-image-preview:large, max-video-preview:-1\" \/>\n<link rel=\"canonical\" href=\"https:\/\/coloranalysis.app\/es\/blog\/descubre-por-que-tardas-en-vestirte-y-como-solucionarlo\/\" \/>\n<meta property=\"og:locale\" content=\"es_ES\" \/>\n<meta property=\"og:type\" content=\"article\" \/>\n<meta property=\"og:title\" content=\"Descubre por qu\u00e9 tardas en vestirte y c\u00f3mo solucionarlo\u00a0\u00a0\" \/>\n<meta property=\"og:description\" content=\"Sin categorizar\" \/>\n<meta property=\"og:url\" content=\"https:\/\/coloranalysis.app\/es\/blog\/descubre-por-que-tardas-en-vestirte-y-como-solucionarlo\/\" \/>\n<meta property=\"og:site_name\" content=\"Color Analysis - Dressika App\" \/>\n<meta property=\"article:published_time\" content=\"2024-05-15T09:28:31+00:00\" \/>\n<meta property=\"article:modified_time\" content=\"2024-05-23T10:55:20+00:00\" \/>\n<meta property=\"og:image\" content=\"https:\/\/coloranalysis.app\/wp-content\/uploads\/2024\/05\/the-cause-and-solution-to-why-it-takes-you-so-long-to-get-dressed.jpg\" \/>\n\t<meta property=\"og:image:width\" content=\"1200\" \/>\n\t<meta property=\"og:image:height\" content=\"800\" \/>\n\t<meta property=\"og:image:type\" content=\"image\/jpeg\" \/>\n<meta name=\"author\" content=\"Andrey\" \/>\n<meta name=\"twitter:card\" content=\"summary_large_image\" \/>\n<meta name=\"twitter:label1\" content=\"Escrito por\" \/>\n\t<meta name=\"twitter:data1\" content=\"Andrey\" \/>\n\t<meta name=\"twitter:label2\" content=\"Tiempo de lectura\" \/>\n\t<meta name=\"twitter:data2\" content=\"7 minutos\" \/>\n<script type=\"application\/ld+json\" class=\"yoast-schema-graph\">{\"@context\":\"https:\/\/schema.org\",\"@graph\":[{\"@type\":\"Article\",\"@id\":\"https:\/\/coloranalysis.app\/es\/blog\/descubre-por-que-tardas-en-vestirte-y-como-solucionarlo\/#article\",\"isPartOf\":{\"@id\":\"https:\/\/coloranalysis.app\/es\/blog\/descubre-por-que-tardas-en-vestirte-y-como-solucionarlo\/\"},\"author\":{\"name\":\"Andrey\",\"@id\":\"https:\/\/coloranalysis.app\/es\/#\/schema\/person\/044e38847243d660f4599b191e612e28\"},\"headline\":\"Descubre por qu\u00e9 tardas en vestirte y c\u00f3mo solucionarlo\u00a0\u00a0\",\"datePublished\":\"2024-05-15T09:28:31+00:00\",\"dateModified\":\"2024-05-23T10:55:20+00:00\",\"mainEntityOfPage\":{\"@id\":\"https:\/\/coloranalysis.app\/es\/blog\/descubre-por-que-tardas-en-vestirte-y-como-solucionarlo\/\"},\"wordCount\":1535,\"commentCount\":0,\"publisher\":{\"@id\":\"https:\/\/coloranalysis.app\/es\/#organization\"},\"image\":{\"@id\":\"https:\/\/coloranalysis.app\/es\/blog\/descubre-por-que-tardas-en-vestirte-y-como-solucionarlo\/#primaryimage\"},\"thumbnailUrl\":\"https:\/\/coloranalysis.app\/wp-content\/uploads\/2024\/05\/the-cause-and-solution-to-why-it-takes-you-so-long-to-get-dressed.jpg\",\"articleSection\":[\"Sin categorizar\"],\"inLanguage\":\"es\",\"potentialAction\":[{\"@type\":\"CommentAction\",\"name\":\"Comment\",\"target\":[\"https:\/\/coloranalysis.app\/es\/blog\/descubre-por-que-tardas-en-vestirte-y-como-solucionarlo\/#respond\"]}]},{\"@type\":\"WebPage\",\"@id\":\"https:\/\/coloranalysis.app\/es\/blog\/descubre-por-que-tardas-en-vestirte-y-como-solucionarlo\/\",\"url\":\"https:\/\/coloranalysis.app\/es\/blog\/descubre-por-que-tardas-en-vestirte-y-como-solucionarlo\/\",\"name\":\"Descubre por qu\u00e9 tardas en vestirte y c\u00f3mo solucionarlo\u00a0\u00a0\",\"isPartOf\":{\"@id\":\"https:\/\/coloranalysis.app\/es\/#website\"},\"primaryImageOfPage\":{\"@id\":\"https:\/\/coloranalysis.app\/es\/blog\/descubre-por-que-tardas-en-vestirte-y-como-solucionarlo\/#primaryimage\"},\"image\":{\"@id\":\"https:\/\/coloranalysis.app\/es\/blog\/descubre-por-que-tardas-en-vestirte-y-como-solucionarlo\/#primaryimage\"},\"thumbnailUrl\":\"https:\/\/coloranalysis.app\/wp-content\/uploads\/2024\/05\/the-cause-and-solution-to-why-it-takes-you-so-long-to-get-dressed.jpg\",\"datePublished\":\"2024-05-15T09:28:31+00:00\",\"dateModified\":\"2024-05-23T10:55:20+00:00\",\"description\":\"Sin categorizar\",\"breadcrumb\":{\"@id\":\"https:\/\/coloranalysis.app\/es\/blog\/descubre-por-que-tardas-en-vestirte-y-como-solucionarlo\/#breadcrumb\"},\"inLanguage\":\"es\",\"potentialAction\":[{\"@type\":\"ReadAction\",\"target\":[\"https:\/\/coloranalysis.app\/es\/blog\/descubre-por-que-tardas-en-vestirte-y-como-solucionarlo\/\"]}]},{\"@type\":\"ImageObject\",\"inLanguage\":\"es\",\"@id\":\"https:\/\/coloranalysis.app\/es\/blog\/descubre-por-que-tardas-en-vestirte-y-como-solucionarlo\/#primaryimage\",\"url\":\"https:\/\/coloranalysis.app\/wp-content\/uploads\/2024\/05\/the-cause-and-solution-to-why-it-takes-you-so-long-to-get-dressed.jpg\",\"contentUrl\":\"https:\/\/coloranalysis.app\/wp-content\/uploads\/2024\/05\/the-cause-and-solution-to-why-it-takes-you-so-long-to-get-dressed.jpg\",\"width\":1200,\"height\":800},{\"@type\":\"BreadcrumbList\",\"@id\":\"https:\/\/coloranalysis.app\/es\/blog\/descubre-por-que-tardas-en-vestirte-y-como-solucionarlo\/#breadcrumb\",\"itemListElement\":[{\"@type\":\"ListItem\",\"position\":1,\"name\":\"Home\",\"item\":\"https:\/\/coloranalysis.app\/es\/\"},{\"@type\":\"ListItem\",\"position\":2,\"name\":\"Descubre por qu\u00e9 tardas en vestirte y c\u00f3mo solucionarlo\u00a0\u00a0\"}]},{\"@type\":\"WebSite\",\"@id\":\"https:\/\/coloranalysis.app\/es\/#website\",\"url\":\"https:\/\/coloranalysis.app\/es\/\",\"name\":\"Color Analysis - Dressika App\",\"description\":\"Reveal your natural beauty\",\"publisher\":{\"@id\":\"https:\/\/coloranalysis.app\/es\/#organization\"},\"alternateName\":\"Dressika\",\"potentialAction\":[{\"@type\":\"SearchAction\",\"target\":{\"@type\":\"EntryPoint\",\"urlTemplate\":\"https:\/\/coloranalysis.app\/es\/?s={search_term_string}\"},\"query-input\":{\"@type\":\"PropertyValueSpecification\",\"valueRequired\":true,\"valueName\":\"search_term_string\"}}],\"inLanguage\":\"es\"},{\"@type\":\"Organization\",\"@id\":\"https:\/\/coloranalysis.app\/es\/#organization\",\"name\":\"Color Analysis - Dressika App\",\"url\":\"https:\/\/coloranalysis.app\/es\/\",\"logo\":{\"@type\":\"ImageObject\",\"inLanguage\":\"es\",\"@id\":\"https:\/\/coloranalysis.app\/es\/#\/schema\/logo\/image\/\",\"url\":\"https:\/\/coloranalysis.app\/wp-content\/uploads\/2024\/04\/logo.webp\",\"contentUrl\":\"https:\/\/coloranalysis.app\/wp-content\/uploads\/2024\/04\/logo.webp\",\"width\":300,\"height\":300,\"caption\":\"Color Analysis - Dressika App\"},\"image\":{\"@id\":\"https:\/\/coloranalysis.app\/es\/#\/schema\/logo\/image\/\"}},{\"@type\":\"Person\",\"@id\":\"https:\/\/coloranalysis.app\/es\/#\/schema\/person\/044e38847243d660f4599b191e612e28\",\"name\":\"Andrey\",\"image\":{\"@type\":\"ImageObject\",\"inLanguage\":\"es\",\"@id\":\"https:\/\/coloranalysis.app\/es\/#\/schema\/person\/image\/\",\"url\":\"https:\/\/secure.gravatar.com\/avatar\/7cfd7ec2c3b4534868e621c2d61f0728c3841fd08d370423656a565824a18f31?s=96&d=mm&r=g\",\"contentUrl\":\"https:\/\/secure.gravatar.com\/avatar\/7cfd7ec2c3b4534868e621c2d61f0728c3841fd08d370423656a565824a18f31?s=96&d=mm&r=g\",\"caption\":\"Andrey\"}}]}<\/script>\n<!-- \/ Yoast SEO plugin. -->","yoast_head_json":{"title":"Descubre por qu\u00e9 tardas en vestirte y c\u00f3mo solucionarlo\u00a0\u00a0","description":"Sin categorizar","robots":{"index":"index","follow":"follow","max-snippet":"max-snippet:-1","max-image-preview":"max-image-preview:large","max-video-preview":"max-video-preview:-1"},"canonical":"https:\/\/coloranalysis.app\/es\/blog\/descubre-por-que-tardas-en-vestirte-y-como-solucionarlo\/","og_locale":"es_ES","og_type":"article","og_title":"Descubre por qu\u00e9 tardas en vestirte y c\u00f3mo solucionarlo\u00a0\u00a0","og_description":"Sin categorizar","og_url":"https:\/\/coloranalysis.app\/es\/blog\/descubre-por-que-tardas-en-vestirte-y-como-solucionarlo\/","og_site_name":"Color Analysis - Dressika App","article_published_time":"2024-05-15T09:28:31+00:00","article_modified_time":"2024-05-23T10:55:20+00:00","og_image":[{"width":1200,"height":800,"url":"https:\/\/coloranalysis.app\/wp-content\/uploads\/2024\/05\/the-cause-and-solution-to-why-it-takes-you-so-long-to-get-dressed.jpg","type":"image\/jpeg"}],"author":"Andrey","twitter_card":"summary_large_image","twitter_misc":{"Escrito por":"Andrey","Tiempo de lectura":"7 minutos"},"schema":{"@context":"https:\/\/schema.org","@graph":[{"@type":"Article","@id":"https:\/\/coloranalysis.app\/es\/blog\/descubre-por-que-tardas-en-vestirte-y-como-solucionarlo\/#article","isPartOf":{"@id":"https:\/\/coloranalysis.app\/es\/blog\/descubre-por-que-tardas-en-vestirte-y-como-solucionarlo\/"},"author":{"name":"Andrey","@id":"https:\/\/coloranalysis.app\/es\/#\/schema\/person\/044e38847243d660f4599b191e612e28"},"headline":"Descubre por qu\u00e9 tardas en vestirte y c\u00f3mo solucionarlo\u00a0\u00a0","datePublished":"2024-05-15T09:28:31+00:00","dateModified":"2024-05-23T10:55:20+00:00","mainEntityOfPage":{"@id":"https:\/\/coloranalysis.app\/es\/blog\/descubre-por-que-tardas-en-vestirte-y-como-solucionarlo\/"},"wordCount":1535,"commentCount":0,"publisher":{"@id":"https:\/\/coloranalysis.app\/es\/#organization"},"image":{"@id":"https:\/\/coloranalysis.app\/es\/blog\/descubre-por-que-tardas-en-vestirte-y-como-solucionarlo\/#primaryimage"},"thumbnailUrl":"https:\/\/coloranalysis.app\/wp-content\/uploads\/2024\/05\/the-cause-and-solution-to-why-it-takes-you-so-long-to-get-dressed.jpg","articleSection":["Sin categorizar"],"inLanguage":"es","potentialAction":[{"@type":"CommentAction","name":"Comment","target":["https:\/\/coloranalysis.app\/es\/blog\/descubre-por-que-tardas-en-vestirte-y-como-solucionarlo\/#respond"]}]},{"@type":"WebPage","@id":"https:\/\/coloranalysis.app\/es\/blog\/descubre-por-que-tardas-en-vestirte-y-como-solucionarlo\/","url":"https:\/\/coloranalysis.app\/es\/blog\/descubre-por-que-tardas-en-vestirte-y-como-solucionarlo\/","name":"Descubre por qu\u00e9 tardas en vestirte y c\u00f3mo solucionarlo\u00a0\u00a0","isPartOf":{"@id":"https:\/\/coloranalysis.app\/es\/#website"},"primaryImageOfPage":{"@id":"https:\/\/coloranalysis.app\/es\/blog\/descubre-por-que-tardas-en-vestirte-y-como-solucionarlo\/#primaryimage"},"image":{"@id":"https:\/\/coloranalysis.app\/es\/blog\/descubre-por-que-tardas-en-vestirte-y-como-solucionarlo\/#primaryimage"},"thumbnailUrl":"https:\/\/coloranalysis.app\/wp-content\/uploads\/2024\/05\/the-cause-and-solution-to-why-it-takes-you-so-long-to-get-dressed.jpg","datePublished":"2024-05-15T09:28:31+00:00","dateModified":"2024-05-23T10:55:20+00:00","description":"Sin categorizar","breadcrumb":{"@id":"https:\/\/coloranalysis.app\/es\/blog\/descubre-por-que-tardas-en-vestirte-y-como-solucionarlo\/#breadcrumb"},"inLanguage":"es","potentialAction":[{"@type":"ReadAction","target":["https:\/\/coloranalysis.app\/es\/blog\/descubre-por-que-tardas-en-vestirte-y-como-solucionarlo\/"]}]},{"@type":"ImageObject","inLanguage":"es","@id":"https:\/\/coloranalysis.app\/es\/blog\/descubre-por-que-tardas-en-vestirte-y-como-solucionarlo\/#primaryimage","url":"https:\/\/coloranalysis.app\/wp-content\/uploads\/2024\/05\/the-cause-and-solution-to-why-it-takes-you-so-long-to-get-dressed.jpg","contentUrl":"https:\/\/coloranalysis.app\/wp-content\/uploads\/2024\/05\/the-cause-and-solution-to-why-it-takes-you-so-long-to-get-dressed.jpg","width":1200,"height":800},{"@type":"BreadcrumbList","@id":"https:\/\/coloranalysis.app\/es\/blog\/descubre-por-que-tardas-en-vestirte-y-como-solucionarlo\/#breadcrumb","itemListElement":[{"@type":"ListItem","position":1,"name":"Home","item":"https:\/\/coloranalysis.app\/es\/"},{"@type":"ListItem","position":2,"name":"Descubre por qu\u00e9 tardas en vestirte y c\u00f3mo solucionarlo\u00a0\u00a0"}]},{"@type":"WebSite","@id":"https:\/\/coloranalysis.app\/es\/#website","url":"https:\/\/coloranalysis.app\/es\/","name":"Color Analysis - Dressika App","description":"Reveal your natural beauty","publisher":{"@id":"https:\/\/coloranalysis.app\/es\/#organization"},"alternateName":"Dressika","potentialAction":[{"@type":"SearchAction","target":{"@type":"EntryPoint","urlTemplate":"https:\/\/coloranalysis.app\/es\/?s={search_term_string}"},"query-input":{"@type":"PropertyValueSpecification","valueRequired":true,"valueName":"search_term_string"}}],"inLanguage":"es"},{"@type":"Organization","@id":"https:\/\/coloranalysis.app\/es\/#organization","name":"Color Analysis - Dressika App","url":"https:\/\/coloranalysis.app\/es\/","logo":{"@type":"ImageObject","inLanguage":"es","@id":"https:\/\/coloranalysis.app\/es\/#\/schema\/logo\/image\/","url":"https:\/\/coloranalysis.app\/wp-content\/uploads\/2024\/04\/logo.webp","contentUrl":"https:\/\/coloranalysis.app\/wp-content\/uploads\/2024\/04\/logo.webp","width":300,"height":300,"caption":"Color Analysis - Dressika App"},"image":{"@id":"https:\/\/coloranalysis.app\/es\/#\/schema\/logo\/image\/"}},{"@type":"Person","@id":"https:\/\/coloranalysis.app\/es\/#\/schema\/person\/044e38847243d660f4599b191e612e28","name":"Andrey","image":{"@type":"ImageObject","inLanguage":"es","@id":"https:\/\/coloranalysis.app\/es\/#\/schema\/person\/image\/","url":"https:\/\/secure.gravatar.com\/avatar\/7cfd7ec2c3b4534868e621c2d61f0728c3841fd08d370423656a565824a18f31?s=96&d=mm&r=g","contentUrl":"https:\/\/secure.gravatar.com\/avatar\/7cfd7ec2c3b4534868e621c2d61f0728c3841fd08d370423656a565824a18f31?s=96&d=mm&r=g","caption":"Andrey"}}]}},"_links":{"self":[{"href":"https:\/\/coloranalysis.app\/es\/wp-json\/wp\/v2\/posts\/1219","targetHints":{"allow":["GET"]}}],"collection":[{"href":"https:\/\/coloranalysis.app\/es\/wp-json\/wp\/v2\/posts"}],"about":[{"href":"https:\/\/coloranalysis.app\/es\/wp-json\/wp\/v2\/types\/post"}],"author":[{"embeddable":true,"href":"https:\/\/coloranalysis.app\/es\/wp-json\/wp\/v2\/users\/2"}],"replies":[{"embeddable":true,"href":"https:\/\/coloranalysis.app\/es\/wp-json\/wp\/v2\/comments?post=1219"}],"version-history":[{"count":4,"href":"https:\/\/coloranalysis.app\/es\/wp-json\/wp\/v2\/posts\/1219\/revisions"}],"predecessor-version":[{"id":7075,"href":"https:\/\/coloranalysis.app\/es\/wp-json\/wp\/v2\/posts\/1219\/revisions\/7075"}],"wp:featuredmedia":[{"embeddable":true,"href":"https:\/\/coloranalysis.app\/es\/wp-json\/wp\/v2\/media\/1018"}],"wp:attachment":[{"href":"https:\/\/coloranalysis.app\/es\/wp-json\/wp\/v2\/media?parent=1219"}],"wp:term":[{"taxonomy":"category","embeddable":true,"href":"https:\/\/coloranalysis.app\/es\/wp-json\/wp\/v2\/categories?post=1219"},{"taxonomy":"post_tag","embeddable":true,"href":"https:\/\/coloranalysis.app\/es\/wp-json\/wp\/v2\/tags?post=1219"}],"curies":[{"name":"wp","href":"https:\/\/api.w.org\/{rel}","templated":true}]}}