{"id":1992,"date":"2024-07-10T10:45:35","date_gmt":"2024-07-10T10:45:35","guid":{"rendered":"https:\/\/coloranalysis.app\/?p=1992"},"modified":"2025-05-02T20:35:02","modified_gmt":"2025-05-02T20:35:02","slug":"como-combinar-tu-look-para-vestir-con-estilo","status":"publish","type":"post","link":"https:\/\/coloranalysis.app\/es\/blog\/como-combinar-tu-look-para-vestir-con-estilo\/","title":{"rendered":"C\u00f3mo combinar tu look para vestir con estilo"},"content":{"rendered":"\n<p>Esta cuesti\u00f3n implica mucho m\u00e1s que simplemente elegir ropa que est\u00e1 de moda o que otros consideran a la moda. Es un proceso complejo y en constante evoluci\u00f3n que difumina las l\u00edneas entre la autoexpresi\u00f3n y las normas sociales, reflejando tu identidad, estilo de vida e incluso aspiraciones. Piensa en el estilo personal como una narrativa visual de qui\u00e9n eres y de qui\u00e9n aspiras a ser. Sirve no solo como modo de expresi\u00f3n, sino tambi\u00e9n como una forma de comunicaci\u00f3n, enviando mensajes sutiles sobre tu personalidad y tu enfoque ante la vida.<\/p>\n\n\n\n<p>En el n\u00facleo, desarrollar un <a href=\"https:\/\/coloranalysis.app\/es\/blog\/cansada-de-las-criticas-descubra-como-encontrar-su-propio-estilo-personal\/\"  data-wpil-monitor-id=\"986\">estilo personal<\/a> comienza con autoconocimiento y observaci\u00f3n. Implica entender la arquitectura de tu cuerpo y c\u00f3mo la ropa puede realzar o disminuir tus rasgos. Reconocer la importancia de tales realizaciones es el primer paso en el viaje de combinar tu ropa con estilo. Este paso inicial te empoderar\u00e1 para tomar decisiones que no solo son est\u00e9ticamente agradables, sino tambi\u00e9n profundamente alineadas con tu comodidad y confianza personal. Un atuendo con estilo no se trata solo de las piezas que vistes, sino de c\u00f3mo las llevas y lo que significan para ti y para los dem\u00e1s.<\/p>\n\n\n\n<p>Adem\u00e1s, cultivar un estilo personal requiere ser fiel a ti mismo mientras te adaptas a los cambios en tu vida y a los cambios en las tendencias de la moda. Se trata de equilibrar la consistencia con la adaptabilidad, manteniendo la esencia de lo que define tu estilo \u00fanico, al mismo tiempo que abrazas la evoluci\u00f3n y el cambio. Implementar estos conceptos fundamentales puede parecer dif\u00edcil, pero la esencia radica en explorar y experimentar sin miedo.<\/p>\n\n\n\n<p>Esencialmente, los consejos para vestir bien son infinitos y pueden variar ampliamente, pero todos se remontan a una idea fundamental: usar lo que se siente bien y te queda bien, no solo lo que est\u00e1 en las revistas. Tu estilo es tu marca personal, un s\u00edmbolo de tu individualidad y singularidad. Por lo tanto, es crucial invertir tiempo en entenderlo, perfeccionarlo y poseerlo con orgullo. Recuerda, el objetivo no es solo lucir bien, sino sentirte profundamente conectado con la forma en que te presentas al mundo.<\/p>\n\n\n\n<h2 class=\"wp-block-heading\"><strong>\u00bfC\u00f3mo combino el estilo perfecto sin perderme en el proceso?<\/strong><\/h2>\n\n\n\n<p>Dominar el arte de armar un atuendo con estilo requiere comprender varios componentes clave que, combinados con destreza y gusto personal, aseguran que siempre te veas lo mejor posible.&nbsp;<\/p>\n\n\n\n<ul class=\"wp-block-list\">\n<li><strong>Seleccionar prendas que complementen tu tipo de cuerpo<\/strong>: esto incluye entender qu\u00e9 siluetas favorecen tu forma: la base de vestir bien implica emparejar art\u00edculos que equilibren y realcen tus proporciones naturales.<\/li>\n<\/ul>\n\n\n\n<ul class=\"wp-block-list\">\n<li><strong>La elecci\u00f3n de tela<\/strong>: los materiales transmiten el nivel de formalidad y la sensaci\u00f3n de un atuendo. Telas ricas y naturales como la lana y la seda elevan la sofisticaci\u00f3n, mientras que el algod\u00f3n y el lino son perfectos para looks m\u00e1s casuales y relajados. La tela adecuada no solo eleva el estilo, sino que tambi\u00e9n es esencial para la comodidad y la funcionalidad.<\/li>\n<\/ul>\n\n\n\n<ul class=\"wp-block-list\">\n<li><strong>El ajuste puede hacer o deshacer tu conjunto<\/strong>: la ropa que se ajusta perfectamente alrededor de los hombros, la cintura y las piernas puede transformar un atuendo promedio en una pieza destacada. El ajuste no siempre significa alteraciones extensas; puede ser tan simple como hacer dobladillos en los pantalones a la longitud correcta o entallar una camisa para reducir el exceso de tela.<\/li>\n<\/ul>\n\n\n\n<ul class=\"wp-block-list\">\n<li><strong>Elegir los colores y patrones adecuados<\/strong>: elegir colores y patrones para tu estilo personal es fundamental para crear atuendos con estilo que reflejen tu personalidad y aumenten tu confianza. Es importante considerar la teor\u00eda del an\u00e1lisis de color, entender qu\u00e9 colores complementan tu tono de piel y color de cabello puede mejorar tu aspecto completo. Usar tecnolog\u00eda de IA con la aplicacion <strong><a href=\"https:\/\/coloranalysis.app\/es\/colorimetria\/#comp-18d034c91ef\">Colorimetr\u00eda \u2013 Dressika app<\/a> <\/strong>te proporcionar\u00e1 el consejo adecuado basado en la ciencia del an\u00e1lisis de color.\u00a0<br><\/li>\n\n\n\n<li><strong>Identifica si tienes un tono de piel c\u00e1lido, fr\u00edo o neutro.&nbsp;<\/strong>\n<ul class=\"wp-block-list\">\n<li>Los tonos de piel c\u00e1lidos se ven favorecidos por colores terrosos como el rojo, melocot\u00f3n, coral, naranja, \u00e1mbar, dorado y amarillo.&nbsp;<\/li>\n\n\n\n<li>Los tonos de piel fr\u00edos brillan en azul, verde, morado y turquesa.&nbsp;<\/li>\n\n\n\n<li>\u00bfTonos de piel neutros? Obtienes lo mejor de ambos mundos y puedes mezclar colores de ambos espectros.<\/li>\n<\/ul>\n<\/li>\n<\/ul>\n\n\n\n<ul class=\"wp-block-list\">\n<li><strong>\u00bfQu\u00e9 pasa con los patrones?<\/strong>: juegan un papel igual de crucial en la definici\u00f3n de tu estilo. Para integrar patrones en tu guardarropa de manera efectiva, comienza con la escala del patr\u00f3n. Los patrones m\u00e1s peque\u00f1os y finos tienden a verse m\u00e1s sutiles y son excelentes para entornos m\u00e1s formales, mientras que los patrones m\u00e1s audaces y grandes a menudo hacen una declaraci\u00f3n m\u00e1s dram\u00e1tica y se adaptan a entornos casuales o creativos. Equilibrar piezas estampadas con piezas s\u00f3lidas es clave para no abrumar tu look. Por ejemplo, si usas una camisa con estampado floral, comb\u00ednala con una falda o pantalones de color s\u00f3lido que resalten uno de los colores menos dominantes de la camisa.<\/li>\n<\/ul>\n\n\n\n<ul class=\"wp-block-list\">\n<li><strong>Accesorios<\/strong>: Accesorizar es una forma de arte que puede transformar cualquier atuendo de ordinario a destacado simplemente agregando o alterando algunas piezas clave. Entender c\u00f3mo seleccionar accesorios que complementen en lugar de eclipsar tu conjunto es crucial. Comienza con la escala y la proporci\u00f3n, los accesorios m\u00e1s grandes funcionan bien con atuendos m\u00e1s simples y aerodin\u00e1micos, mientras que la ropa m\u00e1s detallada puede requerir acentos sutiles. Considera el mensaje que quieres enviar. Por ejemplo, un reloj grande y audaz podr\u00eda hablar de tu confianza y est\u00e9tica de vanguardia, mientras que las joyas delicadas pueden sugerir sutileza y sofisticaci\u00f3n.<\/li>\n<\/ul>\n\n\n\n<h2 class=\"wp-block-heading\"><strong>El arte de mezclar y combinar separa a los estilosos de los simplemente vestidos<\/strong><\/h2>\n\n\n\n<p>Dominar esta habilidad y verdaderamente combinar tu ropa con estilo requiere una comprensi\u00f3n profunda de tu est\u00e9tica personal junto con algunas elecciones estrat\u00e9gicas. Aqu\u00ed hay una mirada m\u00e1s detallada a t\u00e9cnicas avanzadas <a href=\"https:\/\/coloranalysis.app\/es\/blog\/descubre-las-claves-de-la-atraccion-y-de-por-que-te-miran-por-la-calle\/\"  data-wpil-monitor-id=\"1020\">para crear combinaciones con estilo<\/a> que hagan resaltar tus atuendos y resuenen con tu sentido personal de la moda:<\/p>\n\n\n\n<ol class=\"wp-block-list\">\n<li><strong>Comienza con una base neutra:<\/strong> Comienza seleccionando art\u00edculos neutros como tus piezas base: piensa en pantalones negros, camisas blancas, faldas grises. Estos act\u00faan como el lienzo para agregar capas o toques de color, haci\u00e9ndolos esenciales para cualquier guardarropa que busque lograr flexibilidad en el estilizado.<\/li>\n<\/ol>\n\n\n\n<ol class=\"wp-block-list\" start=\"2\">\n<li><strong>A\u00f1ade un elemento inesperado:<\/strong> Para elevar un atuendo, introduce un elemento inesperado, tal vez un estampado atrevido o un accesorio brillante. Esto crea un punto focal y a\u00f1ade un elemento de sorpresa, mejorando instant\u00e1neamente el aspecto general.<\/li>\n<\/ol>\n\n\n\n<ol class=\"wp-block-list\" start=\"3\">\n<li><strong>Juega con texturas<\/strong>: Combinar diferentes texturas puede agregar profundidad a tu conjunto. Combina telas lisas y brillantes como la seda con materiales de textura \u00e1spera como el tweed o la lana. Este contraste no solo es visualmente atractivo, sino tambi\u00e9n t\u00e1ctilmente atractivo, proporcionando a un atuendo una sensaci\u00f3n m\u00e1s din\u00e1mica.<\/li>\n<\/ol>\n\n\n\n<ol class=\"wp-block-list\" start=\"4\">\n<li><strong>Equilibra las proporciones<\/strong>: Mezclar y combinar con \u00e9xito a menudo se reduce a equilibrar las proporciones. Si llevas una parte superior suelta, equil\u00edbrala con fondos m\u00e1s ajustados, y viceversa. Esto evita que el atuendo abrume tu marco y ayuda a llevar la vista a trav\u00e9s de tu aspecto completo.<\/li>\n<\/ol>\n\n\n\n<ol class=\"wp-block-list\" start=\"5\">\n<li><strong>Bloqueo de color:<\/strong> Emplea el bloqueo de color usando bloques s\u00f3lidos de diferentes colores para crear un atuendo audaz y visualmente impactante. Esta t\u00e9cnica permite la creatividad colorida mientras se mantiene un aspecto chic y coherente.<\/li>\n<\/ol>\n\n\n\n<ol class=\"wp-block-list\" start=\"6\">\n<li><strong>Capas a\u00f1adidas: <\/strong>Las capas no son solo para el calor; es una elecci\u00f3n de estilo estrat\u00e9gica. Usa capas para agregar complejidad o para introducir nuevos colores y patrones de manera sutil. Cada capa debe contribuir a la est\u00e9tica general, no distraer de ella.<\/li>\n<\/ol>\n\n\n\n<p>Combinar tu ropa con estilo va m\u00e1s all\u00e1 de simplemente combinar colores; implica una comprensi\u00f3n profunda de los conocimientos de moda y la creatividad personal. Con estos consejos para vestir bien y la aplicaci\u00f3n <strong>Colorimetr\u00eda \u2013 Dressika app<\/strong> y su tecnolog\u00eda de IA de an\u00e1lisis de color incorporada, no solo est\u00e1s poni\u00e9ndote ropa, est\u00e1s creando declaraciones y expresando individualidad. Cada elecci\u00f3n, cada combinaci\u00f3n, cuenta parte de tu historia. Abraza estas t\u00e9cnicas avanzadas para mejorar tu guardarropa y crear atuendos que no solo se vean cohesivos, sino que se sientan inherentemente t\u00fa.<\/p>\n","protected":false},"excerpt":{"rendered":"<p>Esta cuesti\u00f3n implica mucho m\u00e1s que simplemente elegir ropa que est\u00e1 de moda o que otros consideran a la moda. Es un proceso complejo y en constante evoluci\u00f3n que difumina las l\u00edneas entre la autoexpresi\u00f3n y las normas sociales, reflejando tu identidad, estilo de vida e incluso aspiraciones. Piensa en el estilo personal como una [&hellip;]<\/p>\n","protected":false},"author":1,"featured_media":1963,"comment_status":"open","ping_status":"open","sticky":false,"template":"","format":"standard","meta":{"footnotes":""},"categories":[10],"tags":[],"class_list":["post-1992","post","type-post","status-publish","format-standard","has-post-thumbnail","hentry","category-sin-categorizar"],"yoast_head":"<!-- This site is optimized with the Yoast SEO plugin v26.1.1 - https:\/\/yoast.com\/wordpress\/plugins\/seo\/ -->\n<title>C\u00f3mo combinar tu look para vestir con estilo<\/title>\n<meta name=\"description\" content=\"Sin categorizar\" \/>\n<meta name=\"robots\" content=\"index, follow, max-snippet:-1, max-image-preview:large, max-video-preview:-1\" \/>\n<link rel=\"canonical\" href=\"https:\/\/coloranalysis.app\/es\/blog\/como-combinar-tu-look-para-vestir-con-estilo\/\" \/>\n<meta property=\"og:locale\" content=\"es_ES\" \/>\n<meta property=\"og:type\" content=\"article\" \/>\n<meta property=\"og:title\" content=\"C\u00f3mo combinar tu look para vestir con estilo\" \/>\n<meta property=\"og:description\" content=\"Sin categorizar\" \/>\n<meta property=\"og:url\" content=\"https:\/\/coloranalysis.app\/es\/blog\/como-combinar-tu-look-para-vestir-con-estilo\/\" \/>\n<meta property=\"og:site_name\" content=\"Color Analysis - Dressika App\" \/>\n<meta property=\"article:published_time\" content=\"2024-07-10T10:45:35+00:00\" \/>\n<meta property=\"article:modified_time\" content=\"2025-05-02T20:35:02+00:00\" \/>\n<meta property=\"og:image\" content=\"https:\/\/coloranalysis.app\/wp-content\/uploads\/2024\/07\/How-to-match-your-look-to-get-the-most-stylish-outfits.webp\" \/>\n\t<meta property=\"og:image:width\" content=\"1200\" \/>\n\t<meta property=\"og:image:height\" content=\"800\" \/>\n\t<meta property=\"og:image:type\" content=\"image\/jpeg\" \/>\n<meta name=\"author\" content=\"Noergia\" \/>\n<meta name=\"twitter:card\" content=\"summary_large_image\" \/>\n<meta name=\"twitter:label1\" content=\"Escrito por\" \/>\n\t<meta name=\"twitter:data1\" content=\"Noergia\" \/>\n\t<meta name=\"twitter:label2\" content=\"Tiempo de lectura\" \/>\n\t<meta name=\"twitter:data2\" content=\"6 minutos\" \/>\n<script type=\"application\/ld+json\" class=\"yoast-schema-graph\">{\"@context\":\"https:\/\/schema.org\",\"@graph\":[{\"@type\":\"Article\",\"@id\":\"https:\/\/coloranalysis.app\/es\/blog\/como-combinar-tu-look-para-vestir-con-estilo\/#article\",\"isPartOf\":{\"@id\":\"https:\/\/coloranalysis.app\/es\/blog\/como-combinar-tu-look-para-vestir-con-estilo\/\"},\"author\":{\"name\":\"Noergia\",\"@id\":\"https:\/\/coloranalysis.app\/es\/#\/schema\/person\/54a455aac3d96b033e84ce1e9ad0e09a\"},\"headline\":\"C\u00f3mo combinar tu look para vestir con estilo\",\"datePublished\":\"2024-07-10T10:45:35+00:00\",\"dateModified\":\"2025-05-02T20:35:02+00:00\",\"mainEntityOfPage\":{\"@id\":\"https:\/\/coloranalysis.app\/es\/blog\/como-combinar-tu-look-para-vestir-con-estilo\/\"},\"wordCount\":1429,\"commentCount\":0,\"publisher\":{\"@id\":\"https:\/\/coloranalysis.app\/es\/#organization\"},\"image\":{\"@id\":\"https:\/\/coloranalysis.app\/es\/blog\/como-combinar-tu-look-para-vestir-con-estilo\/#primaryimage\"},\"thumbnailUrl\":\"https:\/\/coloranalysis.app\/wp-content\/uploads\/2024\/07\/How-to-match-your-look-to-get-the-most-stylish-outfits.webp\",\"articleSection\":[\"Sin categorizar\"],\"inLanguage\":\"es\",\"potentialAction\":[{\"@type\":\"CommentAction\",\"name\":\"Comment\",\"target\":[\"https:\/\/coloranalysis.app\/es\/blog\/como-combinar-tu-look-para-vestir-con-estilo\/#respond\"]}]},{\"@type\":\"WebPage\",\"@id\":\"https:\/\/coloranalysis.app\/es\/blog\/como-combinar-tu-look-para-vestir-con-estilo\/\",\"url\":\"https:\/\/coloranalysis.app\/es\/blog\/como-combinar-tu-look-para-vestir-con-estilo\/\",\"name\":\"C\u00f3mo combinar tu look para vestir con estilo\",\"isPartOf\":{\"@id\":\"https:\/\/coloranalysis.app\/es\/#website\"},\"primaryImageOfPage\":{\"@id\":\"https:\/\/coloranalysis.app\/es\/blog\/como-combinar-tu-look-para-vestir-con-estilo\/#primaryimage\"},\"image\":{\"@id\":\"https:\/\/coloranalysis.app\/es\/blog\/como-combinar-tu-look-para-vestir-con-estilo\/#primaryimage\"},\"thumbnailUrl\":\"https:\/\/coloranalysis.app\/wp-content\/uploads\/2024\/07\/How-to-match-your-look-to-get-the-most-stylish-outfits.webp\",\"datePublished\":\"2024-07-10T10:45:35+00:00\",\"dateModified\":\"2025-05-02T20:35:02+00:00\",\"description\":\"Sin categorizar\",\"breadcrumb\":{\"@id\":\"https:\/\/coloranalysis.app\/es\/blog\/como-combinar-tu-look-para-vestir-con-estilo\/#breadcrumb\"},\"inLanguage\":\"es\",\"potentialAction\":[{\"@type\":\"ReadAction\",\"target\":[\"https:\/\/coloranalysis.app\/es\/blog\/como-combinar-tu-look-para-vestir-con-estilo\/\"]}]},{\"@type\":\"ImageObject\",\"inLanguage\":\"es\",\"@id\":\"https:\/\/coloranalysis.app\/es\/blog\/como-combinar-tu-look-para-vestir-con-estilo\/#primaryimage\",\"url\":\"https:\/\/coloranalysis.app\/wp-content\/uploads\/2024\/07\/How-to-match-your-look-to-get-the-most-stylish-outfits.webp\",\"contentUrl\":\"https:\/\/coloranalysis.app\/wp-content\/uploads\/2024\/07\/How-to-match-your-look-to-get-the-most-stylish-outfits.webp\",\"width\":1200,\"height\":800},{\"@type\":\"BreadcrumbList\",\"@id\":\"https:\/\/coloranalysis.app\/es\/blog\/como-combinar-tu-look-para-vestir-con-estilo\/#breadcrumb\",\"itemListElement\":[{\"@type\":\"ListItem\",\"position\":1,\"name\":\"Home\",\"item\":\"https:\/\/coloranalysis.app\/es\/\"},{\"@type\":\"ListItem\",\"position\":2,\"name\":\"C\u00f3mo combinar tu look para vestir con estilo\"}]},{\"@type\":\"WebSite\",\"@id\":\"https:\/\/coloranalysis.app\/es\/#website\",\"url\":\"https:\/\/coloranalysis.app\/es\/\",\"name\":\"Color Analysis - Dressika App\",\"description\":\"Reveal your natural beauty\",\"publisher\":{\"@id\":\"https:\/\/coloranalysis.app\/es\/#organization\"},\"alternateName\":\"Dressika\",\"potentialAction\":[{\"@type\":\"SearchAction\",\"target\":{\"@type\":\"EntryPoint\",\"urlTemplate\":\"https:\/\/coloranalysis.app\/es\/?s={search_term_string}\"},\"query-input\":{\"@type\":\"PropertyValueSpecification\",\"valueRequired\":true,\"valueName\":\"search_term_string\"}}],\"inLanguage\":\"es\"},{\"@type\":\"Organization\",\"@id\":\"https:\/\/coloranalysis.app\/es\/#organization\",\"name\":\"Color Analysis - Dressika App\",\"url\":\"https:\/\/coloranalysis.app\/es\/\",\"logo\":{\"@type\":\"ImageObject\",\"inLanguage\":\"es\",\"@id\":\"https:\/\/coloranalysis.app\/es\/#\/schema\/logo\/image\/\",\"url\":\"https:\/\/coloranalysis.app\/wp-content\/uploads\/2024\/04\/logo.webp\",\"contentUrl\":\"https:\/\/coloranalysis.app\/wp-content\/uploads\/2024\/04\/logo.webp\",\"width\":300,\"height\":300,\"caption\":\"Color Analysis - Dressika App\"},\"image\":{\"@id\":\"https:\/\/coloranalysis.app\/es\/#\/schema\/logo\/image\/\"}},{\"@type\":\"Person\",\"@id\":\"https:\/\/coloranalysis.app\/es\/#\/schema\/person\/54a455aac3d96b033e84ce1e9ad0e09a\",\"name\":\"Noergia\",\"image\":{\"@type\":\"ImageObject\",\"inLanguage\":\"es\",\"@id\":\"https:\/\/coloranalysis.app\/es\/#\/schema\/person\/image\/\",\"url\":\"https:\/\/secure.gravatar.com\/avatar\/28023d354a395c3351e8b09993c20c53a86b7a9e8d41df51b6b6ea5bd22744fe?s=96&d=mm&r=g\",\"contentUrl\":\"https:\/\/secure.gravatar.com\/avatar\/28023d354a395c3351e8b09993c20c53a86b7a9e8d41df51b6b6ea5bd22744fe?s=96&d=mm&r=g\",\"caption\":\"Noergia\"},\"sameAs\":[\"http:\/\/108.61.155.211\"]}]}<\/script>\n<!-- \/ Yoast SEO plugin. -->","yoast_head_json":{"title":"C\u00f3mo combinar tu look para vestir con estilo","description":"Sin categorizar","robots":{"index":"index","follow":"follow","max-snippet":"max-snippet:-1","max-image-preview":"max-image-preview:large","max-video-preview":"max-video-preview:-1"},"canonical":"https:\/\/coloranalysis.app\/es\/blog\/como-combinar-tu-look-para-vestir-con-estilo\/","og_locale":"es_ES","og_type":"article","og_title":"C\u00f3mo combinar tu look para vestir con estilo","og_description":"Sin categorizar","og_url":"https:\/\/coloranalysis.app\/es\/blog\/como-combinar-tu-look-para-vestir-con-estilo\/","og_site_name":"Color Analysis - Dressika App","article_published_time":"2024-07-10T10:45:35+00:00","article_modified_time":"2025-05-02T20:35:02+00:00","og_image":[{"width":1200,"height":800,"url":"https:\/\/coloranalysis.app\/wp-content\/uploads\/2024\/07\/How-to-match-your-look-to-get-the-most-stylish-outfits.webp","type":"image\/jpeg"}],"author":"Noergia","twitter_card":"summary_large_image","twitter_misc":{"Escrito por":"Noergia","Tiempo de lectura":"6 minutos"},"schema":{"@context":"https:\/\/schema.org","@graph":[{"@type":"Article","@id":"https:\/\/coloranalysis.app\/es\/blog\/como-combinar-tu-look-para-vestir-con-estilo\/#article","isPartOf":{"@id":"https:\/\/coloranalysis.app\/es\/blog\/como-combinar-tu-look-para-vestir-con-estilo\/"},"author":{"name":"Noergia","@id":"https:\/\/coloranalysis.app\/es\/#\/schema\/person\/54a455aac3d96b033e84ce1e9ad0e09a"},"headline":"C\u00f3mo combinar tu look para vestir con estilo","datePublished":"2024-07-10T10:45:35+00:00","dateModified":"2025-05-02T20:35:02+00:00","mainEntityOfPage":{"@id":"https:\/\/coloranalysis.app\/es\/blog\/como-combinar-tu-look-para-vestir-con-estilo\/"},"wordCount":1429,"commentCount":0,"publisher":{"@id":"https:\/\/coloranalysis.app\/es\/#organization"},"image":{"@id":"https:\/\/coloranalysis.app\/es\/blog\/como-combinar-tu-look-para-vestir-con-estilo\/#primaryimage"},"thumbnailUrl":"https:\/\/coloranalysis.app\/wp-content\/uploads\/2024\/07\/How-to-match-your-look-to-get-the-most-stylish-outfits.webp","articleSection":["Sin categorizar"],"inLanguage":"es","potentialAction":[{"@type":"CommentAction","name":"Comment","target":["https:\/\/coloranalysis.app\/es\/blog\/como-combinar-tu-look-para-vestir-con-estilo\/#respond"]}]},{"@type":"WebPage","@id":"https:\/\/coloranalysis.app\/es\/blog\/como-combinar-tu-look-para-vestir-con-estilo\/","url":"https:\/\/coloranalysis.app\/es\/blog\/como-combinar-tu-look-para-vestir-con-estilo\/","name":"C\u00f3mo combinar tu look para vestir con estilo","isPartOf":{"@id":"https:\/\/coloranalysis.app\/es\/#website"},"primaryImageOfPage":{"@id":"https:\/\/coloranalysis.app\/es\/blog\/como-combinar-tu-look-para-vestir-con-estilo\/#primaryimage"},"image":{"@id":"https:\/\/coloranalysis.app\/es\/blog\/como-combinar-tu-look-para-vestir-con-estilo\/#primaryimage"},"thumbnailUrl":"https:\/\/coloranalysis.app\/wp-content\/uploads\/2024\/07\/How-to-match-your-look-to-get-the-most-stylish-outfits.webp","datePublished":"2024-07-10T10:45:35+00:00","dateModified":"2025-05-02T20:35:02+00:00","description":"Sin categorizar","breadcrumb":{"@id":"https:\/\/coloranalysis.app\/es\/blog\/como-combinar-tu-look-para-vestir-con-estilo\/#breadcrumb"},"inLanguage":"es","potentialAction":[{"@type":"ReadAction","target":["https:\/\/coloranalysis.app\/es\/blog\/como-combinar-tu-look-para-vestir-con-estilo\/"]}]},{"@type":"ImageObject","inLanguage":"es","@id":"https:\/\/coloranalysis.app\/es\/blog\/como-combinar-tu-look-para-vestir-con-estilo\/#primaryimage","url":"https:\/\/coloranalysis.app\/wp-content\/uploads\/2024\/07\/How-to-match-your-look-to-get-the-most-stylish-outfits.webp","contentUrl":"https:\/\/coloranalysis.app\/wp-content\/uploads\/2024\/07\/How-to-match-your-look-to-get-the-most-stylish-outfits.webp","width":1200,"height":800},{"@type":"BreadcrumbList","@id":"https:\/\/coloranalysis.app\/es\/blog\/como-combinar-tu-look-para-vestir-con-estilo\/#breadcrumb","itemListElement":[{"@type":"ListItem","position":1,"name":"Home","item":"https:\/\/coloranalysis.app\/es\/"},{"@type":"ListItem","position":2,"name":"C\u00f3mo combinar tu look para vestir con estilo"}]},{"@type":"WebSite","@id":"https:\/\/coloranalysis.app\/es\/#website","url":"https:\/\/coloranalysis.app\/es\/","name":"Color Analysis - Dressika App","description":"Reveal your natural beauty","publisher":{"@id":"https:\/\/coloranalysis.app\/es\/#organization"},"alternateName":"Dressika","potentialAction":[{"@type":"SearchAction","target":{"@type":"EntryPoint","urlTemplate":"https:\/\/coloranalysis.app\/es\/?s={search_term_string}"},"query-input":{"@type":"PropertyValueSpecification","valueRequired":true,"valueName":"search_term_string"}}],"inLanguage":"es"},{"@type":"Organization","@id":"https:\/\/coloranalysis.app\/es\/#organization","name":"Color Analysis - Dressika App","url":"https:\/\/coloranalysis.app\/es\/","logo":{"@type":"ImageObject","inLanguage":"es","@id":"https:\/\/coloranalysis.app\/es\/#\/schema\/logo\/image\/","url":"https:\/\/coloranalysis.app\/wp-content\/uploads\/2024\/04\/logo.webp","contentUrl":"https:\/\/coloranalysis.app\/wp-content\/uploads\/2024\/04\/logo.webp","width":300,"height":300,"caption":"Color Analysis - Dressika App"},"image":{"@id":"https:\/\/coloranalysis.app\/es\/#\/schema\/logo\/image\/"}},{"@type":"Person","@id":"https:\/\/coloranalysis.app\/es\/#\/schema\/person\/54a455aac3d96b033e84ce1e9ad0e09a","name":"Noergia","image":{"@type":"ImageObject","inLanguage":"es","@id":"https:\/\/coloranalysis.app\/es\/#\/schema\/person\/image\/","url":"https:\/\/secure.gravatar.com\/avatar\/28023d354a395c3351e8b09993c20c53a86b7a9e8d41df51b6b6ea5bd22744fe?s=96&d=mm&r=g","contentUrl":"https:\/\/secure.gravatar.com\/avatar\/28023d354a395c3351e8b09993c20c53a86b7a9e8d41df51b6b6ea5bd22744fe?s=96&d=mm&r=g","caption":"Noergia"},"sameAs":["http:\/\/108.61.155.211"]}]}},"_links":{"self":[{"href":"https:\/\/coloranalysis.app\/es\/wp-json\/wp\/v2\/posts\/1992","targetHints":{"allow":["GET"]}}],"collection":[{"href":"https:\/\/coloranalysis.app\/es\/wp-json\/wp\/v2\/posts"}],"about":[{"href":"https:\/\/coloranalysis.app\/es\/wp-json\/wp\/v2\/types\/post"}],"author":[{"embeddable":true,"href":"https:\/\/coloranalysis.app\/es\/wp-json\/wp\/v2\/users\/1"}],"replies":[{"embeddable":true,"href":"https:\/\/coloranalysis.app\/es\/wp-json\/wp\/v2\/comments?post=1992"}],"version-history":[{"count":7,"href":"https:\/\/coloranalysis.app\/es\/wp-json\/wp\/v2\/posts\/1992\/revisions"}],"predecessor-version":[{"id":7072,"href":"https:\/\/coloranalysis.app\/es\/wp-json\/wp\/v2\/posts\/1992\/revisions\/7072"}],"wp:featuredmedia":[{"embeddable":true,"href":"https:\/\/coloranalysis.app\/es\/wp-json\/wp\/v2\/media\/1963"}],"wp:attachment":[{"href":"https:\/\/coloranalysis.app\/es\/wp-json\/wp\/v2\/media?parent=1992"}],"wp:term":[{"taxonomy":"category","embeddable":true,"href":"https:\/\/coloranalysis.app\/es\/wp-json\/wp\/v2\/categories?post=1992"},{"taxonomy":"post_tag","embeddable":true,"href":"https:\/\/coloranalysis.app\/es\/wp-json\/wp\/v2\/tags?post=1992"}],"curies":[{"name":"wp","href":"https:\/\/api.w.org\/{rel}","templated":true}]}}