{"id":1231,"date":"2024-05-15T09:28:31","date_gmt":"2024-05-15T09:28:31","guid":{"rendered":"https:\/\/new.coloranalysis.app\/?p=1231"},"modified":"2024-05-23T10:58:39","modified_gmt":"2024-05-23T10:58:39","slug":"descubra-porque-e-que-demora-tanto-tempo-a-vestir-se-e-como-resolver-o-problema","status":"publish","type":"post","link":"https:\/\/coloranalysis.app\/pt\/blog\/descubra-porque-e-que-demora-tanto-tempo-a-vestir-se-e-como-resolver-o-problema\/","title":{"rendered":"Descubra porque \u00e9 que demora tanto tempo a vestir-se e como resolver o problema\u00a0\u00a0"},"content":{"rendered":"<div id=\"ez-toc-container\" class=\"ez-toc-v2_0_76 ez-toc-wrap-left counter-hierarchy ez-toc-counter ez-toc-custom ez-toc-container-direction\">\n<div class=\"ez-toc-title-container\">\n<p class=\"ez-toc-title\" style=\"cursor:inherit\"><\/p>\n<span class=\"ez-toc-title-toggle\"><\/span><\/div>\n<nav><ul class='ez-toc-list ez-toc-list-level-1 ' ><li class='ez-toc-page-1 ez-toc-heading-level-2'><a class=\"ez-toc-link ez-toc-heading-1\" href=\"#\" data-href=\"https:\/\/coloranalysis.app\/pt\/blog\/descubra-porque-e-que-demora-tanto-tempo-a-vestir-se-e-como-resolver-o-problema\/#Factores_psicologicos_que_influenciam_o_tempo_de_vestir\" >Factores psicol\u00f3gicos que influenciam o tempo de vestir<\/a><\/li><li class='ez-toc-page-1 ez-toc-heading-level-2'><a class=\"ez-toc-link ez-toc-heading-2\" href=\"#\" data-href=\"https:\/\/coloranalysis.app\/pt\/blog\/descubra-porque-e-que-demora-tanto-tempo-a-vestir-se-e-como-resolver-o-problema\/#Conselhos_praticos_para_otimizar_as_suas_escolhas_de_guarda-roupa\" >Conselhos pr\u00e1ticos para otimizar as suas escolhas de guarda-roupa<\/a><\/li><li class='ez-toc-page-1 ez-toc-heading-level-2'><a class=\"ez-toc-link ez-toc-heading-3\" href=\"#\" data-href=\"https:\/\/coloranalysis.app\/pt\/blog\/descubra-porque-e-que-demora-tanto-tempo-a-vestir-se-e-como-resolver-o-problema\/#Sistemas_de_organizacao_eficazes_para_o_seu_vestuario\" >Sistemas de organiza\u00e7\u00e3o eficazes para o seu vestu\u00e1rio<\/a><\/li><li class='ez-toc-page-1 ez-toc-heading-level-2'><a class=\"ez-toc-link ez-toc-heading-4\" href=\"#\" data-href=\"https:\/\/coloranalysis.app\/pt\/blog\/descubra-porque-e-que-demora-tanto-tempo-a-vestir-se-e-como-resolver-o-problema\/#Utilizar_a_tecnologia_e_as_aplicacoes_como_uma_rotina_regular\" >Utilizar a tecnologia e as aplica\u00e7\u00f5es como uma rotina regular<\/a><\/li><\/ul><\/nav><\/div>\n\n<p>Quando est\u00e1 a pensar no que vestir e aquele tempo precioso em frente ao arm\u00e1rio passa a correr, pode parecer um pequeno contratempo matinal, mas \u00e9 uma situa\u00e7\u00e3o que pode acabar por marcar o ritmo do seu dia, atras\u00e1-lo e afetar o seu humor e produtividade. Se pensarmos na raz\u00e3o pela qual demoramos tanto tempo a vestir-nos, h\u00e1 v\u00e1rios factores em jogo, que podem ser classificados como a indecis\u00e3o sobre o que vestir, a desorganiza\u00e7\u00e3o do guarda-roupa e o stress de escolher a roupa errada. Vamos analisar em pormenor cada um destes factores que nos afectam emocionalmente de alguma forma.<\/p>\n\n\n\n<p>Veremos tamb\u00e9m algumas solu\u00e7\u00f5es poss\u00edveis para aliviar este stress di\u00e1rio.<\/p>\n\n\n\n<ul class=\"wp-block-list\">\n<li><strong>O inc\u00f3modo de tomar uma decis\u00e3o:<\/strong> esta situa\u00e7\u00e3o \u00e9 um verdadeiro desafio, especialmente de manh\u00e3. Tomamos in\u00fameras decis\u00f5es no in\u00edcio do dia, e escolher algo para vestir pode parecer apenas mais uma tarefa. Isto pode levar \u00e0 indecis\u00e3o e \u00e0 insatisfa\u00e7\u00e3o nas nossas escolhas de guarda-roupa, atrasando ainda mais o processo. Al\u00e9m disso, um guarda-roupa desorganizado n\u00e3o ajuda. Se as suas roupas n\u00e3o estiverem arrumadas ou acess\u00edveis, \u00e9 prov\u00e1vel que perca tempo precioso a procurar entre pilhas de roupa desarrumadas para tentar encontrar aquela camisa ou par de meias.<\/li>\n<\/ul>\n\n\n\n<ul class=\"wp-block-list\">\n<li><strong>O vestu\u00e1rio representa a nossa imagem: <\/strong>As preocupa\u00e7\u00f5es com a apar\u00eancia, a integra\u00e7\u00e3o num c\u00edrculo social ou profissional ou a aspira\u00e7\u00e3o a vestir-se de uma determinada forma podem levar-nos a perder tempo a experimentar e a descartar v\u00e1rias op\u00e7\u00f5es. Enfrentar estes desafios implica compreender os aspectos psicol\u00f3gicos e pr\u00e1ticos que levam a este desperd\u00edcio de tempo in\u00fatil e implementar solu\u00e7\u00f5es estruturadas para os evitar, assegurando que vestir-se se torna uma parte agrad\u00e1vel do nosso dia e n\u00e3o algo verdadeiramente frustrante.<\/li>\n<\/ul>\n\n\n\n<h2 class=\"wp-block-heading\"><span class=\"ez-toc-section\" id=\"Factores_psicologicos_que_influenciam_o_tempo_de_vestir\"><\/span><strong>Factores psicol\u00f3gicos que influenciam o tempo de vestir<\/strong><span class=\"ez-toc-section-end\"><\/span><\/h2>\n\n\n\n<p>Ao aprofundar os fatores psicol\u00f3gicos que influenciam o tempo de vestir-se, obtemos informa\u00e7\u00f5es essenciais sobre o motivo pelo qual, por vezes, demoramos demasiado tempo numa tarefa que deveria ser t\u00e3o simples e rotineira. Um fator que contribui significativamente para isso \u00e9 a indecis\u00e3o. \u00c0 medida que vai selecionando o seu guarda-roupa, cada decis\u00e3o que toma consome alguma da sua energia mental. Quando est\u00e1 a meio da sele\u00e7\u00e3o de uma roupa para o dia, pode sentir-se mentalmente exausto, o que pode abrandar o processo de tomada de decis\u00e3o e prolongar o tempo que demora a passar por todo o processo. Outro aspeto psicol\u00f3gico \u00e9 a liga\u00e7\u00e3o emocional \u00e0 roupa. As roupas do seu guarda-roupa podem estar ligadas a mem\u00f3rias ou emo\u00e7\u00f5es, o que por vezes torna mais dif\u00edcil fazer uma escolha objetiva. Esta carga emocional pode transformar o que deveria ser uma tarefa r\u00e1pida numa grande perda de tempo.<\/p>\n\n\n\n<p>E a press\u00e3o das expectativas sociais? O stress de se vestir de acordo com os padr\u00f5es sociais estabelecidos pode afetar a efic\u00e1cia da sua tomada de decis\u00f5es no dia a dia. Come\u00e7a a preocupar-se com o que \u00e9 apropriado para um determinado evento, se o que escolheu para o dia \u00e9 demasiado formal ou casual, ou como ser\u00e1 visto, e acaba por se sentar em frente ao seu guarda-roupa sem nada para al\u00e9m de uma pilha de roupa no ch\u00e3o. Todas estas situa\u00e7\u00f5es comuns podem prolongar bastante o processo de vestir-se. Compreender estes obst\u00e1culos psicol\u00f3gicos \u00e9 o primeiro passo para os ultrapassar. Para quem procura solu\u00e7\u00f5es r\u00e1pidas para este problema, o reconhecimento destes fatores pode ser uma mudan\u00e7a para toda a vida. Ao estarmos conscientes do impacto da indecis\u00e3o sobre o guarda-roupa, das liga\u00e7\u00f5es emocionais e das press\u00f5es sociais, podemos desenvolver estrat\u00e9gias para agilizar o processo, reduzindo assim o tempo gasto, melhorando a sua rela\u00e7\u00e3o <a href=\"https:\/\/coloranalysis.app\/pt\/blog\/organiza-o-teu-guarda-roupa-na-perfeicao-com-estes-passos-simples-e-praticos\/\"  data-wpil-monitor-id=\"867\">com o seu guarda-roupa<\/a> e a sua rotina de vestir.<\/p>\n\n\n\n<h2 class=\"wp-block-heading\"><span class=\"ez-toc-section\" id=\"Conselhos_praticos_para_otimizar_as_suas_escolhas_de_guarda-roupa\"><\/span><strong>Conselhos pr\u00e1ticos para otimizar as suas escolhas de guarda-roupa<\/strong><span class=\"ez-toc-section-end\"><\/span><\/h2>\n\n\n\n<p>A racionaliza\u00e7\u00e3o das escolhas do seu guarda-roupa \u00e9 vital quando se trata de reduzir o tempo que demora a vestir-se. Um guarda-roupa bem organizado, em que cada pe\u00e7a tem um objetivo e complementa o seu estilo de vida, pode poupar-lhe muito tempo. Aqui est\u00e3o algumas dicas \u00fateis para come\u00e7ar a tornar-se mais eficiente:<\/p>\n\n\n\n<ul class=\"wp-block-list\">\n<li><strong>Fa\u00e7a uma triagem:<\/strong> Comece por tomar nota do que usa regularmente e do que n\u00e3o usa. Eliminar os artigos que n\u00e3o lhe servem ou que est\u00e3o fora de moda simplifica as suas escolhas e reduz o stress.<\/li>\n<\/ul>\n\n\n\n<ul class=\"wp-block-list\">\n<li><strong>Guarda-roupa c\u00e1psula: <\/strong>Considere a possibilidade de organizar um guarda-roupa c\u00e1psula, concentrando-se num n\u00famero limitado de combina\u00e7\u00f5es de que gosta e que combinam bem entre si. Esta abordagem n\u00e3o s\u00f3 facilita as escolhas quotidianas, como tamb\u00e9m garante que tudo combina bem, oferecendo solu\u00e7\u00f5es r\u00e1pidas para se vestir.<\/li>\n<\/ul>\n\n\n\n<ul class=\"wp-block-list\">\n<li><strong>Coordena\u00e7\u00e3o de cores:<\/strong> Organize as suas roupas de acordo com a cor e o tipo. Por exemplo, guarde todas as suas camisas sociais juntas, de prefer\u00eancia ordenadas por cor. Este m\u00e9todo simples acelera o processo de encontrar e combinar as roupas.<\/li>\n<\/ul>\n\n\n\n<ul class=\"wp-block-list\">\n<li><strong>Tecnologia que ajuda:<\/strong> Relativamente ao ponto anterior, para qu\u00ea dar cabo da cabe\u00e7a se existem aplica\u00e7\u00f5es como a <strong><a href=\"https:\/\/coloranalysis.app\/pt\/coloracao-pessoal\/#comp-18d034c91ef\">Colorimetria Colora\u00e7\u00e3o Pessoal app<\/a><\/strong> para a ajudar a escolher a cor que mais lhe conv\u00e9m e as que melhor combinam consigo. Esta aplica\u00e7\u00e3o consegue fornecer uma an\u00e1lise profissional da sua paleta de cores ideal e quais as cores que pode combinar em apenas alguns segundos, bastando carregar a sua fotografia. Tudo isto com base no seu tom de pele e cabelo, dando-lhe at\u00e9 os melhores conselhos em rela\u00e7\u00e3o \u00e0 sua maquilhagem. Desta forma, organizar o seu guarda-roupa, vestir-se e ir \u00e0s compras ser\u00e1 muito mais divertido e descontra\u00eddo.\u00a0<\/li>\n<\/ul>\n\n\n\n<ul class=\"wp-block-list\">\n<li><strong>Rota\u00e7\u00e3o sazonal:<\/strong> Guarde as roupas fora de \u00e9poca. Isto limita as suas escolhas \u00e0quelas que s\u00e3o adequadas ao clima, reduzindo o tempo que passa a remexer em camisolas no ver\u00e3o ou cal\u00e7\u00f5es no inverno e deixando o seu guarda-roupa mais espa\u00e7oso.<\/li>\n<\/ul>\n\n\n\n<ul class=\"wp-block-list\">\n<li><strong>Prepara\u00e7\u00e3o di\u00e1ria: <\/strong>Estenda a sua roupa na noite anterior. Esta estrat\u00e9gia \u00e9 particularmente \u00fatil para aqueles cujas manh\u00e3s s\u00e3o uma loucura ou que tendem a perguntar-se frequentemente porque \u00e9 que demoraram tanto tempo a vestir-se. Preparar antecipadamente o que vai vestir elimina a indecis\u00e3o matinal, permitindo-lhe alguns minutos extra para o caf\u00e9 ou o pequeno-almo\u00e7o.<\/li>\n<\/ul>\n\n\n\n<p>Ao implementar estas dicas pr\u00e1ticas, o seu guarda-roupa n\u00e3o s\u00f3 se basear\u00e1 numa rotina mais r\u00e1pida e organizada, como tamb\u00e9m reflectir\u00e1 uma abordagem mais pessoal ao seu estilo, em que cada escolha ser\u00e1 mais intuitiva e cada conjunto ser\u00e1 o seu favorito.<\/p>\n\n\n\n<h2 class=\"wp-block-heading\"><span class=\"ez-toc-section\" id=\"Sistemas_de_organizacao_eficazes_para_o_seu_vestuario\"><\/span><strong>Sistemas de organiza\u00e7\u00e3o eficazes para o seu vestu\u00e1rio<\/strong><span class=\"ez-toc-section-end\"><\/span><\/h2>\n\n\n\n<p>Um sistema de organiza\u00e7\u00e3o simples e bem estabelecido pode ser uma das solu\u00e7\u00f5es r\u00e1pidas mais eficazes. Ao implementar m\u00e9todos de organiza\u00e7\u00e3o eficientes, pode reduzir o tempo que passa a procurar e a decidir todas as manh\u00e3s. Comece por categorizar as suas roupas n\u00e3o s\u00f3 por tipo, mas tamb\u00e9m por ocasi\u00e3o, trabalho, sa\u00eddas casuais, eventos formais e atividades f\u00edsicas. Esta segmenta\u00e7\u00e3o visual imediata pode encurtar o processo de escolha da roupa certa para a sua agenda di\u00e1ria.<\/p>\n\n\n\n<p>Al\u00e9m disso, dentro de cada categoria, organize os seus artigos do mais usado para o menos usado. Isto coloca os seus artigos favoritos na ponta dos dedos, acelerando novamente o processo de decis\u00e3o. Para quem tem pouco espa\u00e7o, o mobili\u00e1rio multifuncional, como os pufes com arruma\u00e7\u00e3o ou as camas com gavetas embutidas, pode ser uma solu\u00e7\u00e3o imprescind\u00edvel para poupar espa\u00e7o e manter os artigos menos utilizados organizados, mas sem atrapalhar.<\/p>\n\n\n\n<p>Para as roupas sazonais, considere guard\u00e1-las em recipientes etiquetados ou em sacos selados a v\u00e1cuo para libertar espa\u00e7o no arm\u00e1rio. Isto n\u00e3o s\u00f3 liberta espa\u00e7o, como tamb\u00e9m facilita a an\u00e1lise visual e a retirada do que realmente precisa. Lembre-se, o objetivo \u00e9 criar um sistema que lhe permita vestir-se de forma r\u00e1pida e eficiente, minimizando o stress e maximizando o seu tempo para enfrentar o dia seguinte.<\/p>\n\n\n\n<h2 class=\"wp-block-heading\"><span class=\"ez-toc-section\" id=\"Utilizar_a_tecnologia_e_as_aplicacoes_como_uma_rotina_regular\"><\/span><strong>Utilizar a tecnologia e as aplica\u00e7\u00f5es como uma rotina regular<\/strong><span class=\"ez-toc-section-end\"><\/span><\/h2>\n\n\n\n<p>No mundo acelerado de hoje, onde tudo \u00e9 t\u00e3o r\u00e1pido e n\u00e3o h\u00e1 tempo para pensar, tirar partido da tecnologia e das aplica\u00e7\u00f5es online pode proporcionar solu\u00e7\u00f5es r\u00e1pidas para se vestir, minimizando o tempo e a indecis\u00e3o frequentemente associados \u00e0 escolha do que vestir. As aplica\u00e7\u00f5es avan\u00e7adas, equipadas com interfaces de f\u00e1cil utiliza\u00e7\u00e3o e algoritmos inteligentes, simplificam o processo de sele\u00e7\u00e3o e ajudam-no a organizar o seu guarda-roupa de forma eficiente. Aplica\u00e7\u00f5es como a <strong>Colorimetria Colora\u00e7\u00e3o Pessoal app<\/strong> oferecem uma abordagem pr\u00e1tica e sofisticada para personalizar o seu estilo e facilitar a sua rotina matinal. Com estas tecnologias na ponta dos dedos, pode refinar sem esfor\u00e7o o seu guarda-roupa, garantindo que est\u00e1 sempre vestido de forma elegante, confort\u00e1vel e sem perder meia manh\u00e3 no processo.<\/p>\n","protected":false},"excerpt":{"rendered":"<p>Quando est\u00e1 a pensar no que vestir e aquele tempo precioso em frente ao arm\u00e1rio passa a correr, pode parecer um pequeno contratempo matinal, mas \u00e9 uma situa\u00e7\u00e3o que pode acabar por marcar o ritmo do seu dia, atras\u00e1-lo e afetar o seu humor e produtividade. Se pensarmos na raz\u00e3o pela qual demoramos tanto tempo [&hellip;]<\/p>\n","protected":false},"author":2,"featured_media":1016,"comment_status":"open","ping_status":"open","sticky":false,"template":"","format":"standard","meta":{"footnotes":""},"categories":[43],"tags":[],"class_list":["post-1231","post","type-post","status-publish","format-standard","has-post-thumbnail","hentry","category-uncategorized-pt"],"yoast_head":"<!-- This site is optimized with the Yoast SEO plugin v26.1.1 - https:\/\/yoast.com\/wordpress\/plugins\/seo\/ -->\n<title>Descubra porque \u00e9 que demora tanto tempo a vestir-se e como resolver o problema\u00a0\u00a0<\/title>\n<meta name=\"description\" content=\"Uncategorized @pt\" \/>\n<meta name=\"robots\" content=\"index, follow, max-snippet:-1, max-image-preview:large, max-video-preview:-1\" \/>\n<link rel=\"canonical\" href=\"https:\/\/coloranalysis.app\/pt\/blog\/descubra-porque-e-que-demora-tanto-tempo-a-vestir-se-e-como-resolver-o-problema\/\" \/>\n<meta property=\"og:locale\" content=\"pt_PT\" \/>\n<meta property=\"og:type\" content=\"article\" \/>\n<meta property=\"og:title\" content=\"Descubra porque \u00e9 que demora tanto tempo a vestir-se e como resolver o problema\u00a0\u00a0\" \/>\n<meta property=\"og:description\" content=\"Uncategorized @pt\" \/>\n<meta property=\"og:url\" content=\"https:\/\/coloranalysis.app\/pt\/blog\/descubra-porque-e-que-demora-tanto-tempo-a-vestir-se-e-como-resolver-o-problema\/\" \/>\n<meta property=\"og:site_name\" content=\"Color Analysis AI - Dressika App\" \/>\n<meta property=\"article:published_time\" content=\"2024-05-15T09:28:31+00:00\" \/>\n<meta property=\"article:modified_time\" content=\"2024-05-23T10:58:39+00:00\" \/>\n<meta property=\"og:image\" content=\"https:\/\/coloranalysis.app\/wp-content\/uploads\/2024\/05\/the-cause-and-solution-to-why-it-takes-you-so-long-to-get-dressed.jpg\" \/>\n\t<meta property=\"og:image:width\" content=\"1200\" \/>\n\t<meta property=\"og:image:height\" content=\"800\" \/>\n\t<meta property=\"og:image:type\" content=\"image\/jpeg\" \/>\n<meta name=\"author\" content=\"Andrey\" \/>\n<meta name=\"twitter:card\" content=\"summary_large_image\" \/>\n<meta name=\"twitter:label1\" content=\"Written by\" \/>\n\t<meta name=\"twitter:data1\" content=\"Andrey\" \/>\n\t<meta name=\"twitter:label2\" content=\"Est. reading time\" \/>\n\t<meta name=\"twitter:data2\" content=\"7 minutes\" \/>\n<script type=\"application\/ld+json\" class=\"yoast-schema-graph\">{\"@context\":\"https:\/\/schema.org\",\"@graph\":[{\"@type\":\"WebPage\",\"@id\":\"https:\/\/coloranalysis.app\/pt\/blog\/descubra-porque-e-que-demora-tanto-tempo-a-vestir-se-e-como-resolver-o-problema\/\",\"url\":\"https:\/\/coloranalysis.app\/pt\/blog\/descubra-porque-e-que-demora-tanto-tempo-a-vestir-se-e-como-resolver-o-problema\/\",\"name\":\"Descubra porque \u00e9 que demora tanto tempo a vestir-se e como resolver o problema\u00a0\u00a0\",\"isPartOf\":{\"@id\":\"https:\/\/coloranalysis.app\/pt\/#website\"},\"primaryImageOfPage\":{\"@id\":\"https:\/\/coloranalysis.app\/pt\/blog\/descubra-porque-e-que-demora-tanto-tempo-a-vestir-se-e-como-resolver-o-problema\/#primaryimage\"},\"image\":{\"@id\":\"https:\/\/coloranalysis.app\/pt\/blog\/descubra-porque-e-que-demora-tanto-tempo-a-vestir-se-e-como-resolver-o-problema\/#primaryimage\"},\"thumbnailUrl\":\"https:\/\/coloranalysis.app\/wp-content\/uploads\/2024\/05\/the-cause-and-solution-to-why-it-takes-you-so-long-to-get-dressed.jpg\",\"datePublished\":\"2024-05-15T09:28:31+00:00\",\"dateModified\":\"2024-05-23T10:58:39+00:00\",\"author\":{\"@id\":\"https:\/\/coloranalysis.app\/pt\/#\/schema\/person\/044e38847243d660f4599b191e612e28\"},\"description\":\"Uncategorized @pt\",\"breadcrumb\":{\"@id\":\"https:\/\/coloranalysis.app\/pt\/blog\/descubra-porque-e-que-demora-tanto-tempo-a-vestir-se-e-como-resolver-o-problema\/#breadcrumb\"},\"inLanguage\":\"pt\",\"potentialAction\":[{\"@type\":\"ReadAction\",\"target\":[\"https:\/\/coloranalysis.app\/pt\/blog\/descubra-porque-e-que-demora-tanto-tempo-a-vestir-se-e-como-resolver-o-problema\/\"]}]},{\"@type\":\"ImageObject\",\"inLanguage\":\"pt\",\"@id\":\"https:\/\/coloranalysis.app\/pt\/blog\/descubra-porque-e-que-demora-tanto-tempo-a-vestir-se-e-como-resolver-o-problema\/#primaryimage\",\"url\":\"https:\/\/coloranalysis.app\/wp-content\/uploads\/2024\/05\/the-cause-and-solution-to-why-it-takes-you-so-long-to-get-dressed.jpg\",\"contentUrl\":\"https:\/\/coloranalysis.app\/wp-content\/uploads\/2024\/05\/the-cause-and-solution-to-why-it-takes-you-so-long-to-get-dressed.jpg\",\"width\":1200,\"height\":800},{\"@type\":\"BreadcrumbList\",\"@id\":\"https:\/\/coloranalysis.app\/pt\/blog\/descubra-porque-e-que-demora-tanto-tempo-a-vestir-se-e-como-resolver-o-problema\/#breadcrumb\",\"itemListElement\":[{\"@type\":\"ListItem\",\"position\":1,\"name\":\"Home\",\"item\":\"https:\/\/coloranalysis.app\/pt\/\"},{\"@type\":\"ListItem\",\"position\":2,\"name\":\"Descubra porque \u00e9 que demora tanto tempo a vestir-se e como resolver o problema\u00a0\u00a0\"}]},{\"@type\":\"WebSite\",\"@id\":\"https:\/\/coloranalysis.app\/pt\/#website\",\"url\":\"https:\/\/coloranalysis.app\/pt\/\",\"name\":\"Color Analysis AI - Dressika App\",\"description\":\"Reveal your natural beauty with Color Analysis\",\"alternateName\":\"Dressika\",\"potentialAction\":[{\"@type\":\"SearchAction\",\"target\":{\"@type\":\"EntryPoint\",\"urlTemplate\":\"https:\/\/coloranalysis.app\/pt\/?s={search_term_string}\"},\"query-input\":{\"@type\":\"PropertyValueSpecification\",\"valueRequired\":true,\"valueName\":\"search_term_string\"}}],\"inLanguage\":\"pt\"},{\"@type\":\"Person\",\"@id\":\"https:\/\/coloranalysis.app\/pt\/#\/schema\/person\/044e38847243d660f4599b191e612e28\",\"name\":\"Andrey\",\"image\":{\"@type\":\"ImageObject\",\"inLanguage\":\"pt\",\"@id\":\"https:\/\/coloranalysis.app\/pt\/#\/schema\/person\/image\/\",\"url\":\"https:\/\/secure.gravatar.com\/avatar\/7cfd7ec2c3b4534868e621c2d61f0728c3841fd08d370423656a565824a18f31?s=96&d=mm&r=g\",\"contentUrl\":\"https:\/\/secure.gravatar.com\/avatar\/7cfd7ec2c3b4534868e621c2d61f0728c3841fd08d370423656a565824a18f31?s=96&d=mm&r=g\",\"caption\":\"Andrey\"}}]}<\/script>\n<!-- \/ Yoast SEO plugin. -->","yoast_head_json":{"title":"Descubra porque \u00e9 que demora tanto tempo a vestir-se e como resolver o problema\u00a0\u00a0","description":"Uncategorized @pt","robots":{"index":"index","follow":"follow","max-snippet":"max-snippet:-1","max-image-preview":"max-image-preview:large","max-video-preview":"max-video-preview:-1"},"canonical":"https:\/\/coloranalysis.app\/pt\/blog\/descubra-porque-e-que-demora-tanto-tempo-a-vestir-se-e-como-resolver-o-problema\/","og_locale":"pt_PT","og_type":"article","og_title":"Descubra porque \u00e9 que demora tanto tempo a vestir-se e como resolver o problema\u00a0\u00a0","og_description":"Uncategorized @pt","og_url":"https:\/\/coloranalysis.app\/pt\/blog\/descubra-porque-e-que-demora-tanto-tempo-a-vestir-se-e-como-resolver-o-problema\/","og_site_name":"Color Analysis AI - Dressika App","article_published_time":"2024-05-15T09:28:31+00:00","article_modified_time":"2024-05-23T10:58:39+00:00","og_image":[{"width":1200,"height":800,"url":"https:\/\/coloranalysis.app\/wp-content\/uploads\/2024\/05\/the-cause-and-solution-to-why-it-takes-you-so-long-to-get-dressed.jpg","type":"image\/jpeg"}],"author":"Andrey","twitter_card":"summary_large_image","twitter_misc":{"Written by":"Andrey","Est. reading time":"7 minutes"},"schema":{"@context":"https:\/\/schema.org","@graph":[{"@type":"WebPage","@id":"https:\/\/coloranalysis.app\/pt\/blog\/descubra-porque-e-que-demora-tanto-tempo-a-vestir-se-e-como-resolver-o-problema\/","url":"https:\/\/coloranalysis.app\/pt\/blog\/descubra-porque-e-que-demora-tanto-tempo-a-vestir-se-e-como-resolver-o-problema\/","name":"Descubra porque \u00e9 que demora tanto tempo a vestir-se e como resolver o problema\u00a0\u00a0","isPartOf":{"@id":"https:\/\/coloranalysis.app\/pt\/#website"},"primaryImageOfPage":{"@id":"https:\/\/coloranalysis.app\/pt\/blog\/descubra-porque-e-que-demora-tanto-tempo-a-vestir-se-e-como-resolver-o-problema\/#primaryimage"},"image":{"@id":"https:\/\/coloranalysis.app\/pt\/blog\/descubra-porque-e-que-demora-tanto-tempo-a-vestir-se-e-como-resolver-o-problema\/#primaryimage"},"thumbnailUrl":"https:\/\/coloranalysis.app\/wp-content\/uploads\/2024\/05\/the-cause-and-solution-to-why-it-takes-you-so-long-to-get-dressed.jpg","datePublished":"2024-05-15T09:28:31+00:00","dateModified":"2024-05-23T10:58:39+00:00","author":{"@id":"https:\/\/coloranalysis.app\/pt\/#\/schema\/person\/044e38847243d660f4599b191e612e28"},"description":"Uncategorized @pt","breadcrumb":{"@id":"https:\/\/coloranalysis.app\/pt\/blog\/descubra-porque-e-que-demora-tanto-tempo-a-vestir-se-e-como-resolver-o-problema\/#breadcrumb"},"inLanguage":"pt","potentialAction":[{"@type":"ReadAction","target":["https:\/\/coloranalysis.app\/pt\/blog\/descubra-porque-e-que-demora-tanto-tempo-a-vestir-se-e-como-resolver-o-problema\/"]}]},{"@type":"ImageObject","inLanguage":"pt","@id":"https:\/\/coloranalysis.app\/pt\/blog\/descubra-porque-e-que-demora-tanto-tempo-a-vestir-se-e-como-resolver-o-problema\/#primaryimage","url":"https:\/\/coloranalysis.app\/wp-content\/uploads\/2024\/05\/the-cause-and-solution-to-why-it-takes-you-so-long-to-get-dressed.jpg","contentUrl":"https:\/\/coloranalysis.app\/wp-content\/uploads\/2024\/05\/the-cause-and-solution-to-why-it-takes-you-so-long-to-get-dressed.jpg","width":1200,"height":800},{"@type":"BreadcrumbList","@id":"https:\/\/coloranalysis.app\/pt\/blog\/descubra-porque-e-que-demora-tanto-tempo-a-vestir-se-e-como-resolver-o-problema\/#breadcrumb","itemListElement":[{"@type":"ListItem","position":1,"name":"Home","item":"https:\/\/coloranalysis.app\/pt\/"},{"@type":"ListItem","position":2,"name":"Descubra porque \u00e9 que demora tanto tempo a vestir-se e como resolver o problema\u00a0\u00a0"}]},{"@type":"WebSite","@id":"https:\/\/coloranalysis.app\/pt\/#website","url":"https:\/\/coloranalysis.app\/pt\/","name":"Color Analysis AI - Dressika App","description":"Reveal your natural beauty with Color Analysis","alternateName":"Dressika","potentialAction":[{"@type":"SearchAction","target":{"@type":"EntryPoint","urlTemplate":"https:\/\/coloranalysis.app\/pt\/?s={search_term_string}"},"query-input":{"@type":"PropertyValueSpecification","valueRequired":true,"valueName":"search_term_string"}}],"inLanguage":"pt"},{"@type":"Person","@id":"https:\/\/coloranalysis.app\/pt\/#\/schema\/person\/044e38847243d660f4599b191e612e28","name":"Andrey","image":{"@type":"ImageObject","inLanguage":"pt","@id":"https:\/\/coloranalysis.app\/pt\/#\/schema\/person\/image\/","url":"https:\/\/secure.gravatar.com\/avatar\/7cfd7ec2c3b4534868e621c2d61f0728c3841fd08d370423656a565824a18f31?s=96&d=mm&r=g","contentUrl":"https:\/\/secure.gravatar.com\/avatar\/7cfd7ec2c3b4534868e621c2d61f0728c3841fd08d370423656a565824a18f31?s=96&d=mm&r=g","caption":"Andrey"}}]}},"_links":{"self":[{"href":"https:\/\/coloranalysis.app\/pt\/wp-json\/wp\/v2\/posts\/1231","targetHints":{"allow":["GET"]}}],"collection":[{"href":"https:\/\/coloranalysis.app\/pt\/wp-json\/wp\/v2\/posts"}],"about":[{"href":"https:\/\/coloranalysis.app\/pt\/wp-json\/wp\/v2\/types\/post"}],"author":[{"embeddable":true,"href":"https:\/\/coloranalysis.app\/pt\/wp-json\/wp\/v2\/users\/2"}],"replies":[{"embeddable":true,"href":"https:\/\/coloranalysis.app\/pt\/wp-json\/wp\/v2\/comments?post=1231"}],"version-history":[{"count":4,"href":"https:\/\/coloranalysis.app\/pt\/wp-json\/wp\/v2\/posts\/1231\/revisions"}],"predecessor-version":[{"id":6993,"href":"https:\/\/coloranalysis.app\/pt\/wp-json\/wp\/v2\/posts\/1231\/revisions\/6993"}],"wp:featuredmedia":[{"embeddable":true,"href":"https:\/\/coloranalysis.app\/pt\/wp-json\/wp\/v2\/media\/1016"}],"wp:attachment":[{"href":"https:\/\/coloranalysis.app\/pt\/wp-json\/wp\/v2\/media?parent=1231"}],"wp:term":[{"taxonomy":"category","embeddable":true,"href":"https:\/\/coloranalysis.app\/pt\/wp-json\/wp\/v2\/categories?post=1231"},{"taxonomy":"post_tag","embeddable":true,"href":"https:\/\/coloranalysis.app\/pt\/wp-json\/wp\/v2\/tags?post=1231"}],"curies":[{"name":"wp","href":"https:\/\/api.w.org\/{rel}","templated":true}]}}