{"id":7146,"date":"2025-05-07T10:09:25","date_gmt":"2025-05-07T10:09:25","guid":{"rendered":"https:\/\/coloranalysis.app\/blog\/paleta-de-cores-claras-de-verao-e-guia-do-guarda-roupa\/"},"modified":"2025-05-07T10:55:03","modified_gmt":"2025-05-07T10:55:03","slug":"paleta-de-cores-claras-de-verao-e-guia-do-guarda-roupa","status":"publish","type":"post","link":"https:\/\/coloranalysis.app\/pt\/blog\/paleta-de-cores-claras-de-verao-e-guia-do-guarda-roupa\/","title":{"rendered":"Paleta de cores claras de ver\u00e3o e guia do guarda-roupa"},"content":{"rendered":"<div id=\"ez-toc-container\" class=\"ez-toc-v2_0_76 ez-toc-wrap-left counter-hierarchy ez-toc-counter ez-toc-custom ez-toc-container-direction\">\n<div class=\"ez-toc-title-container\">\n<p class=\"ez-toc-title\" style=\"cursor:inherit\"><\/p>\n<span class=\"ez-toc-title-toggle\"><\/span><\/div>\n<nav><ul class='ez-toc-list ez-toc-list-level-1 ' ><li class='ez-toc-page-1 ez-toc-heading-level-2'><a class=\"ez-toc-link ez-toc-heading-1\" href=\"#\" data-href=\"https:\/\/coloranalysis.app\/pt\/blog\/paleta-de-cores-claras-de-verao-e-guia-do-guarda-roupa\/#Compreender_a_estacao_das_cores_claras_do_verao_e_o_seu_papel_no_fluxo_sazonal\" >Compreender a esta\u00e7\u00e3o das cores claras do ver\u00e3o e o seu papel no fluxo sazonal<\/a><ul class='ez-toc-list-level-3' ><li class='ez-toc-heading-level-3'><a class=\"ez-toc-link ez-toc-heading-2\" href=\"#\" data-href=\"https:\/\/coloranalysis.app\/pt\/blog\/paleta-de-cores-claras-de-verao-e-guia-do-guarda-roupa\/#Explicacao_da_paleta_de_cores_e_das_suas_carateristicas\" >Explica\u00e7\u00e3o da paleta de cores e das suas carater\u00edsticas<\/a><\/li><\/ul><\/li><li class='ez-toc-page-1 ez-toc-heading-level-2'><a class=\"ez-toc-link ez-toc-heading-3\" href=\"#\" data-href=\"https:\/\/coloranalysis.app\/pt\/blog\/paleta-de-cores-claras-de-verao-e-guia-do-guarda-roupa\/#Utilizar_cores_claras_de_verao_no_vestuario\" >Utilizar cores claras de ver\u00e3o no vestu\u00e1rio<\/a><ul class='ez-toc-list-level-3' ><li class='ez-toc-heading-level-3'><a class=\"ez-toc-link ez-toc-heading-4\" href=\"#\" data-href=\"https:\/\/coloranalysis.app\/pt\/blog\/paleta-de-cores-claras-de-verao-e-guia-do-guarda-roupa\/#Dicas_para_incorporar_as_cores_claras_de_verao_no_seu_guarda-roupa\" >Dicas para incorporar as cores claras de ver\u00e3o no seu guarda-roupa<\/a><\/li><li class='ez-toc-page-1 ez-toc-heading-level-3'><a class=\"ez-toc-link ez-toc-heading-5\" href=\"#\" data-href=\"https:\/\/coloranalysis.app\/pt\/blog\/paleta-de-cores-claras-de-verao-e-guia-do-guarda-roupa\/#Ideias_de_combinacoes_de_cores_para_o_seu_vestuario\" >Ideias de combina\u00e7\u00f5es de cores para o seu vestu\u00e1rio<\/a><\/li><\/ul><\/li><li class='ez-toc-page-1 ez-toc-heading-level-2'><a class=\"ez-toc-link ez-toc-heading-6\" href=\"#\" data-href=\"https:\/\/coloranalysis.app\/pt\/blog\/paleta-de-cores-claras-de-verao-e-guia-do-guarda-roupa\/#Acessorios_com_cores_claras_de_verao\" >Acess\u00f3rios com cores claras de ver\u00e3o<\/a><\/li><li class='ez-toc-page-1 ez-toc-heading-level-2'><a class=\"ez-toc-link ez-toc-heading-7\" href=\"#\" data-href=\"https:\/\/coloranalysis.app\/pt\/blog\/paleta-de-cores-claras-de-verao-e-guia-do-guarda-roupa\/#O_impacto_dos_acessorios_nos_conjuntos\" >O impacto dos acess\u00f3rios nos conjuntos<\/a><ul class='ez-toc-list-level-3' ><li class='ez-toc-heading-level-3'><a class=\"ez-toc-link ez-toc-heading-8\" href=\"#\" data-href=\"https:\/\/coloranalysis.app\/pt\/blog\/paleta-de-cores-claras-de-verao-e-guia-do-guarda-roupa\/#Como_usar_acessorios_para_melhorar_o_seu_look_leve_de_verao\" >Como usar acess\u00f3rios para melhorar o seu look leve de ver\u00e3o<\/a><\/li><\/ul><\/li><li class='ez-toc-page-1 ez-toc-heading-level-2'><a class=\"ez-toc-link ez-toc-heading-9\" href=\"#\" data-href=\"https:\/\/coloranalysis.app\/pt\/blog\/paleta-de-cores-claras-de-verao-e-guia-do-guarda-roupa\/#Como_se_vestir_para_diferentes_ocasioes_com_cores_claras_de_verao\" >Como se vestir para diferentes ocasi\u00f5es com cores claras de ver\u00e3o<\/a><ul class='ez-toc-list-level-3' ><li class='ez-toc-heading-level-3'><a class=\"ez-toc-link ez-toc-heading-10\" href=\"#\" data-href=\"https:\/\/coloranalysis.app\/pt\/blog\/paleta-de-cores-claras-de-verao-e-guia-do-guarda-roupa\/#Dicas_para_usar_cores_claras_de_verao_em_looks_casuais_formais_e_de_trabalho\" >Dicas para usar cores claras de ver\u00e3o em looks casuais, formais e de trabalho<\/a><\/li><\/ul><\/li><li class='ez-toc-page-1 ez-toc-heading-level-2'><a class=\"ez-toc-link ez-toc-heading-11\" href=\"#\" data-href=\"https:\/\/coloranalysis.app\/pt\/blog\/paleta-de-cores-claras-de-verao-e-guia-do-guarda-roupa\/#FAQs_e_dicas_de_maquilhagem\" >FAQs e dicas de maquilhagem<\/a><ul class='ez-toc-list-level-3' ><li class='ez-toc-heading-level-3'><a class=\"ez-toc-link ez-toc-heading-12\" href=\"#\" data-href=\"https:\/\/coloranalysis.app\/pt\/blog\/paleta-de-cores-claras-de-verao-e-guia-do-guarda-roupa\/#O_que_e_uma_paleta_de_cores_claras_de_verao_e_um_guia_de_guarda-roupa\" >O que \u00e9 uma paleta de cores claras de ver\u00e3o e um guia de guarda-roupa?<\/a><\/li><li class='ez-toc-page-1 ez-toc-heading-level-3'><a class=\"ez-toc-link ez-toc-heading-13\" href=\"#\" data-href=\"https:\/\/coloranalysis.app\/pt\/blog\/paleta-de-cores-claras-de-verao-e-guia-do-guarda-roupa\/#Quais_sao_as_cores_incluidas_numa_paleta_de_cores_verao_Claro\" >Quais s\u00e3o as cores inclu\u00eddas numa paleta de cores ver\u00e3o Claro?<\/a><\/li><li class='ez-toc-page-1 ez-toc-heading-level-3'><a class=\"ez-toc-link ez-toc-heading-14\" href=\"#\" data-href=\"https:\/\/coloranalysis.app\/pt\/blog\/paleta-de-cores-claras-de-verao-e-guia-do-guarda-roupa\/#Como_e_que_posso_utilizar_as_cores_do_verao_Claro_como_fazem_os_icones_da_moda\" >Como \u00e9 que posso utilizar as cores do ver\u00e3o Claro como fazem os \u00edcones da moda?<\/a><\/li><li class='ez-toc-page-1 ez-toc-heading-level-3'><a class=\"ez-toc-link ez-toc-heading-15\" href=\"#\" data-href=\"https:\/\/coloranalysis.app\/pt\/blog\/paleta-de-cores-claras-de-verao-e-guia-do-guarda-roupa\/#Posso_misturar_e_combinar_cores_diferentes_da_paleta_Light_Summer\" >Posso misturar e combinar cores diferentes da paleta Light Summer?<\/a><\/li><li class='ez-toc-page-1 ez-toc-heading-level-3'><a class=\"ez-toc-link ez-toc-heading-16\" href=\"#\" data-href=\"https:\/\/coloranalysis.app\/pt\/blog\/paleta-de-cores-claras-de-verao-e-guia-do-guarda-roupa\/#Ha_alguma_cor_que_deva_ser_evitada_numa_paleta_de_cores_para_o_verao_Claro\" >H\u00e1 alguma cor que deva ser evitada numa paleta de cores para o ver\u00e3o Claro?<\/a><\/li><li class='ez-toc-page-1 ez-toc-heading-level-3'><a class=\"ez-toc-link ez-toc-heading-17\" href=\"#\" data-href=\"https:\/\/coloranalysis.app\/pt\/blog\/paleta-de-cores-claras-de-verao-e-guia-do-guarda-roupa\/#Quais_sao_algumas_dicas_para_utilizar_a_paleta_de_cores_Light_Summer_em_roupas_inspiradas_em_icones_da_moda_como_Naomi_Watts_e_Sharon_Stone\" >Quais s\u00e3o algumas dicas para utilizar a paleta de cores Light Summer em roupas inspiradas em \u00edcones da moda como Naomi Watts e Sharon Stone?<\/a><\/li><\/ul><\/li><\/ul><\/nav><\/div>\n<p>A esta\u00e7\u00e3o das cores claras de ver\u00e3o tem tudo a ver com cores suaves e frias que transmitem uma vibra\u00e7\u00e3o fresca e leve. Neste guia, vou tentar explicar o que torna esta paleta especial e como pode facilmente adicionar estes tons ao seu guarda-roupa. Tamb\u00e9m lhe darei algumas dicas pr\u00e1ticas &#8211; escolher a roupa certa, escolher acess\u00f3rios e vestir-se para diferentes situa\u00e7\u00f5es. Vamos animar o seu estilo (e talvez at\u00e9 divertirmo-nos um pouco com ele)!   <\/p>\n<div class=\"keytakeaway\">\n<p><b>Principais conclus\u00f5es:<\/b><\/p>\n<ul>\n<li>As cores claras de ver\u00e3o s\u00e3o tons suaves e discretos, como os azuis pastel, os rosas, as lavandas e os neutros claros (cinzento, marfim &#8211; j\u00e1 percebeu a ideia).<\/li>\n<li>Para come\u00e7ar a usar estas cores, adicione pops delas com acess\u00f3rios ou coloque em camadas diferentes tons da mesma cor. Super f\u00e1cil, prometo. <\/li>\n<li>Vestir-se para todos os tipos de eventos \u00e9 simples com o Light Summer. Opte por tecidos leves e fluidos. Combine-os com cores neutras para um look mais profissional ou use acess\u00f3rios arrojados quando quiser uma vibra\u00e7\u00e3o casual e divertida.  <\/li>\n<\/ul>\n<\/div>\n<h2><span class=\"ez-toc-section\" id=\"Compreender_a_estacao_das_cores_claras_do_verao_e_o_seu_papel_no_fluxo_sazonal\"><\/span>Compreender a esta\u00e7\u00e3o das cores claras do ver\u00e3o e o seu papel no fluxo sazonal<span class=\"ez-toc-section-end\"><\/span><\/h2>\n<p><img decoding=\"async\" src=\"https:\/\/coloranalysis.app\/wp-content\/uploads\/2025\/05\/light-summer-color-palette-and-wardrobe-guide-EW.jpeg\" alt=\"Compreender a esta\u00e7\u00e3o das cores claras do ver\u00e3o e o seu papel no fluxo sazonal\" width=\"616px\"><\/p>\n<p>Ent\u00e3o, o que \u00e9 exatamente o ver\u00e3o Claro? Bem, \u00e9 uma das categorias da colora\u00e7\u00e3o pessoal sazonal. Basicamente, ajuda-o a descobrir que cores ficam melhor em si. Super \u00fatil para aqueles de n\u00f3s que passam horas a experimentar roupas que simplesmente&#8230; n\u00e3o funcionam. \ud83d\ude05<\/p>\n<p>Esta paleta \u00e9 especialmente adequada para pessoas com pouco contraste nas suas carater\u00edsticas e tons neutros e frios. Quando come\u00e7ar a utiliz\u00e1-la, as compras tornam-se muito menos stressantes. J\u00e1 agora, se \u00e9 novo nesta coisa da colora\u00e7\u00e3o pessoal, existe um guia para principiantes muito \u00fatil no <a href=\"https:\/\/www.reddit.com\/r\/coloranalysis\/comments\/g1aiyy\/beginners_to_colour_analysis_this_is_how_you_can\/\" target=\"_blank\" rel=\"nofollow\" > Reddit<\/a>. Al\u00e9m disso, a nossa vis\u00e3o geral detalhada <a href=\"https:\/\/coloranalysis.app\/pt\/blog\/liberte-a-sua-beleza-domine-a-coloracao-pessoal-e-o-brilho\/\"> Desbloqueie a sua beleza: Domine a an\u00e1lise da colora\u00e7\u00e3o pessoal e brilhe<\/a> est\u00e1 repleta de informa\u00e7\u00f5es extra se quiser ir mais longe.   <\/p>\n<h3><span class=\"ez-toc-section\" id=\"Explicacao_da_paleta_de_cores_e_das_suas_carateristicas\"><\/span>Explica\u00e7\u00e3o da paleta de cores e das suas carater\u00edsticas<span class=\"ez-toc-section-end\"><\/span><\/h3>\n<p>A paleta ver\u00e3o Claro inclui cinzentos claros, azuis e verdes suaves, rosas suaves e azuis. Estas cores d\u00e3o-lhe uma sensa\u00e7\u00e3o de calma e equil\u00edbrio e parecem &#8220;encaixar&#8221; em pessoas com tons frios e suaves. <\/p>\n<p>Se tem uma pele neutra e fria, os tons pastel de lavanda e p\u00eassego suave podem fazer com que se destaque. N\u00e3o est\u00e1 a brincar. As pessoas v\u00e3o reparar em si (no bom sentido!).  <\/p>\n<p>Al\u00e9m disso, dependendo de onde e como as usa, estas cores podem parecer um pouco diferentes. At\u00e9 as pessoas da comunidade de moda do Reddit mencionam como a ilumina\u00e7\u00e3o e outras cores podem mudar tudo. Mais dicas? <a href=\"https:\/\/coloranalysis.app\/pt\/blog\/a-importancia-da-analise-da-coloracao-pessoal-na-selecao-de-vestuario\/\"> Veja tamb\u00e9m o nosso guia sobre a import\u00e2ncia da an\u00e1lise de cores na sele\u00e7\u00e3o de roupa<\/a>.  <\/p>\n<p>Precisa de ideias? Experimente: <\/p>\n<ul>\n<li>Blusa azul clara + cal\u00e7as cinzentas suaves<\/li>\n<li>Vestido rosa pastel + acess\u00f3rios verde menta (sim, resulta!)<\/li>\n<\/ul>\n<h2><span class=\"ez-toc-section\" id=\"Utilizar_cores_claras_de_verao_no_vestuario\"><\/span>Utilizar cores claras de ver\u00e3o no vestu\u00e1rio<span class=\"ez-toc-section-end\"><\/span><\/h2>\n<p>Estas cores n\u00e3o s\u00f3 lhe d\u00e3o um bom aspeto, como tamb\u00e9m fazem com que todo o seu guarda-roupa pare\u00e7a f\u00e1cil e harmonioso.<\/p>\n<p>Depois de aprender a trabalhar com os tons claros de ver\u00e3o, fazer conjuntos torna-se muito mais f\u00e1cil. Prometa. <\/p>\n<p>E, facto engra\u00e7ado &#8211; algumas tend\u00eancias de moda de d\u00e9cadas atr\u00e1s (olhando para si, past\u00e9is dos anos 90) ainda est\u00e3o fortes hoje em dia, como <a href=\"https:\/\/www.vogue.com\/tag\/misc\/fashion-through-the-decades\" target=\"_blank\" rel=\"nofollow\" > a Vogue<\/a> salienta. <a href=\"https:\/\/coloranalysis.app\/pt\/c\/paletas-de-cores-sazonais\/\"> Os nossos  Arquivos de paletas de cores sazonais<\/a> tamb\u00e9m t\u00eam muitas mais inspira\u00e7\u00f5es, se quiser explorar. <\/p>\n<h3><span class=\"ez-toc-section\" id=\"Dicas_para_incorporar_as_cores_claras_de_verao_no_seu_guarda-roupa\"><\/span>Dicas para incorporar as cores claras de ver\u00e3o no seu guarda-roupa<span class=\"ez-toc-section-end\"><\/span><\/h3>\n<ol>\n<li>Opte por tecidos respir\u00e1veis como o algod\u00e3o ou o linho. S\u00e3o ideais para o ver\u00e3o e favorecem a sua imagem. <\/li>\n<li>Coloque camadas. \u00d3timo para mudar as temperaturas e acrescentar interesse. <\/li>\n<li>Misture as cores com cuidado. Contrastes suaves (past\u00e9is + tons de terra suaves = beijo do chefe). <\/li>\n<li>Escolha acess\u00f3rios como j\u00f3ias de prata, len\u00e7os em tons pastel ou malas leves. At\u00e9 mesmo texturas florais ou um pouco de quartzo rosa funcionam bem. <\/li>\n<\/ol>\n<h3><span class=\"ez-toc-section\" id=\"Ideias_de_combinacoes_de_cores_para_o_seu_vestuario\"><\/span>Ideias de combina\u00e7\u00f5es de cores para o seu vestu\u00e1rio<span class=\"ez-toc-section-end\"><\/span><\/h3>\n<p>Quer saber como \u00e9 que \u00edcones da moda como Abbey Lee Kershaw e Sydney Sweeney fazem com que pare\u00e7a f\u00e1cil? \u00c9 tudo uma quest\u00e3o de conhecer as <a href=\"https:\/\/coloranalysis.app\/pt\/blog\/paleta-de-cores-suaves-para-o-verao-e-guia-do-guarda-roupa\/\"  data-wpil-monitor-id=\"1065\">combina\u00e7\u00f5es de cores<\/a>. <\/p>\n<p>Top lavanda claro + cal\u00e7as p\u00eassego claro? Perfeito. <\/p>\n<p>Ou experimente acrescentar um len\u00e7o floral e brincos de prata para combinar.<\/p>\n<h2><span class=\"ez-toc-section\" id=\"Acessorios_com_cores_claras_de_verao\"><\/span>Acess\u00f3rios com cores claras de ver\u00e3o<span class=\"ez-toc-section-end\"><\/span><\/h2>\n<h2><span class=\"ez-toc-section\" id=\"O_impacto_dos_acessorios_nos_conjuntos\"><\/span>O impacto dos acess\u00f3rios nos conjuntos<span class=\"ez-toc-section-end\"><\/span><\/h2>\n<p>Os acess\u00f3rios podem ser pequenos, mas s\u00e3o importantes. Muito. Podem fazer ou desfazer um conjunto.<\/p>\n<p>Com as cores claras do ver\u00e3o, os seus acess\u00f3rios devem real\u00e7ar o seu visual sem roubarem a cena.<\/p>\n<h3><span class=\"ez-toc-section\" id=\"Como_usar_acessorios_para_melhorar_o_seu_look_leve_de_verao\"><\/span>Como usar acess\u00f3rios para melhorar o seu look leve de ver\u00e3o<span class=\"ez-toc-section-end\"><\/span><\/h3>\n<p>Opte por j\u00f3ias delicadas em prata ou ouro escovado. Combina com a suavidade das cores claras do ver\u00e3o. <\/p>\n<p>Os len\u00e7os em tons pastel (especialmente com estampados florais) podem dar um toque divertido. As malas ou clutches leves tamb\u00e9m funcionam. Para os sapatos, opte por tons nude ou de blush suave. Estes alongam as suas pernas e mant\u00eam o look coeso.   <\/p>\n<h2><span class=\"ez-toc-section\" id=\"Como_se_vestir_para_diferentes_ocasioes_com_cores_claras_de_verao\"><\/span>Como se vestir para diferentes ocasi\u00f5es com cores claras de ver\u00e3o<span class=\"ez-toc-section-end\"><\/span><\/h2>\n<p>Pense na vibra\u00e7\u00e3o que pretende para cada ocasi\u00e3o. As cores claras de ver\u00e3o s\u00e3o super flex\u00edveis &#8211; pode vesti-las para cima ou para baixo. <\/p>\n<h3><span class=\"ez-toc-section\" id=\"Dicas_para_usar_cores_claras_de_verao_em_looks_casuais_formais_e_de_trabalho\"><\/span>Dicas para usar cores claras de ver\u00e3o em looks casuais, formais e de trabalho<span class=\"ez-toc-section-end\"><\/span><\/h3>\n<p>Casual? Experimente um top p\u00eassego claro + cal\u00e7as de ganga desbotadas + sand\u00e1lias neutras. <\/p>\n<p>Formal? Um vestido cor de menta com acess\u00f3rios em tons de creme (a inspira\u00e7\u00e3o do verdadeiro ver\u00e3o tamb\u00e9m funciona aqui). <\/p>\n<p>Trabalha? Blusa lavanda + cal\u00e7as cinzentas claras \u00e0 medida. Boa. Profissional *e* elegante.   <\/p>\n<p>Depois de apanhar o jeito, \u00e9 f\u00e1cil criar conjuntos para qualquer coisa que lhe apare\u00e7a \u00e0 frente.<\/p>\n<p><img decoding=\"async\" src=\"https:\/\/coloranalysis.app\/wp-content\/uploads\/2025\/05\/light-summer-color-palette-and-wardrobe-guide-3q.jpeg\" alt=\"O que \u00e9 uma paleta de cores e um guia de guarda-roupa para o ver\u00e3o Claro?\" width=\"616px\"><\/p>\n<h2><span class=\"ez-toc-section\" id=\"FAQs_e_dicas_de_maquilhagem\"><\/span>FAQs e dicas de maquilhagem<span class=\"ez-toc-section-end\"><\/span><\/h2>\n<h3><span class=\"ez-toc-section\" id=\"O_que_e_uma_paleta_de_cores_claras_de_verao_e_um_guia_de_guarda-roupa\"><\/span>O que \u00e9 uma paleta de cores claras de ver\u00e3o e um guia de guarda-roupa?<span class=\"ez-toc-section-end\"><\/span><\/h3>\n<p>\u00c9 um grupo de cores e ideias de moda concebidas para pessoas que ficam melhor com tons suaves, frios e discretos. \u00c9 simples assim. <\/p>\n<h3><span class=\"ez-toc-section\" id=\"Quais_sao_as_cores_incluidas_numa_paleta_de_cores_verao_Claro\"><\/span>Quais s\u00e3o as cores inclu\u00eddas numa paleta de cores ver\u00e3o Claro?<span class=\"ez-toc-section-end\"><\/span><\/h3>\n<p>Past\u00e9is suaves &#8211; azuis claros, lavandas, rosas, verdes. Todos os tons de sonho. <\/p>\n<h3><span class=\"ez-toc-section\" id=\"Como_e_que_posso_utilizar_as_cores_do_verao_Claro_como_fazem_os_icones_da_moda\"><\/span>Como \u00e9 que posso utilizar as cores do ver\u00e3o Claro como fazem os \u00edcones da moda?<span class=\"ez-toc-section-end\"><\/span><\/h3>\n<p>Use roupas em cores claras de ver\u00e3o &#8211; tops azuis claros, blusas cor-de-rosa, vestidos lavanda, cal\u00e7as cinzentas claras. Acess\u00f3rios tamb\u00e9m (len\u00e7os, j\u00f3ias, bolsas &#8211; voc\u00ea entendeu a id\u00e9ia). <\/p>\n<h3><span class=\"ez-toc-section\" id=\"Posso_misturar_e_combinar_cores_diferentes_da_paleta_Light_Summer\"><\/span>Posso misturar e combinar cores diferentes da paleta Light Summer?<span class=\"ez-toc-section-end\"><\/span><\/h3>\n<p>N\u00e3o duvide! Exemplo: top azul claro + cal\u00e7as brancas + len\u00e7o ou colar cor de lavanda. Simples mas com estilo.  <\/p>\n<h3><span class=\"ez-toc-section\" id=\"Ha_alguma_cor_que_deva_ser_evitada_numa_paleta_de_cores_para_o_verao_Claro\"><\/span>H\u00e1 alguma cor que deva ser evitada numa paleta de cores para o ver\u00e3o Claro?<span class=\"ez-toc-section-end\"><\/span><\/h3>\n<p>Sim. Fique longe de cores quentes e brilhantes, como os vermelhos, laranjas e amarelos. N\u00e3o ficam bem com os tons claros de ver\u00e3o. Prefira os tons pastel e os tons suaves, como dizem os especialistas.   <\/p>\n<h3><span class=\"ez-toc-section\" id=\"Quais_sao_algumas_dicas_para_utilizar_a_paleta_de_cores_Light_Summer_em_roupas_inspiradas_em_icones_da_moda_como_Naomi_Watts_e_Sharon_Stone\"><\/span>Quais s\u00e3o algumas dicas para utilizar a paleta de cores Light Summer em roupas inspiradas em \u00edcones da moda como Naomi Watts e Sharon Stone?<span class=\"ez-toc-section-end\"><\/span><\/h3>\n<p>Coloque em camadas tons da mesma cor para um look monocrom\u00e1tico fresco. Ou misture contrastes suaves e tecidos texturados. Veja o E-Book Light Summer Beauty para mais ideias!  <\/p>\n","protected":false},"excerpt":{"rendered":"<p>A esta\u00e7\u00e3o das cores claras de ver\u00e3o tem tudo a ver com cores suaves e frias que transmitem uma vibra\u00e7\u00e3o fresca e leve. Neste guia, vou tentar explicar o que torna esta paleta especial e como pode facilmente adicionar estes tons ao seu guarda-roupa. Tamb\u00e9m lhe darei algumas dicas pr\u00e1ticas &#8211; escolher a roupa certa, [&hellip;]<\/p>\n","protected":false},"author":4,"featured_media":7120,"comment_status":"closed","ping_status":"open","sticky":false,"template":"","format":"standard","meta":{"footnotes":""},"categories":[71],"tags":[],"class_list":["post-7146","post","type-post","status-publish","format-standard","has-post-thumbnail","hentry","category-paletas-de-cores-sazonais"],"yoast_head":"<!-- This site is optimized with the Yoast SEO plugin v26.1.1 - https:\/\/yoast.com\/wordpress\/plugins\/seo\/ -->\n<title>Paleta de cores claras de ver\u00e3o e guia do guarda-roupa<\/title>\n<meta name=\"description\" content=\"Paletas de cores sazonais\" \/>\n<meta name=\"robots\" content=\"index, follow, max-snippet:-1, max-image-preview:large, max-video-preview:-1\" \/>\n<link rel=\"canonical\" href=\"https:\/\/coloranalysis.app\/pt\/blog\/paleta-de-cores-claras-de-verao-e-guia-do-guarda-roupa\/\" \/>\n<meta property=\"og:locale\" content=\"pt_PT\" \/>\n<meta property=\"og:type\" content=\"article\" \/>\n<meta property=\"og:title\" content=\"Paleta de cores claras de ver\u00e3o e guia do guarda-roupa\" \/>\n<meta property=\"og:description\" content=\"Paletas de cores sazonais\" \/>\n<meta property=\"og:url\" content=\"https:\/\/coloranalysis.app\/pt\/blog\/paleta-de-cores-claras-de-verao-e-guia-do-guarda-roupa\/\" \/>\n<meta property=\"og:site_name\" content=\"Color Analysis AI - Dressika App\" \/>\n<meta property=\"article:published_time\" content=\"2025-05-07T10:09:25+00:00\" \/>\n<meta property=\"article:modified_time\" content=\"2025-05-07T10:55:03+00:00\" \/>\n<meta property=\"og:image\" content=\"https:\/\/coloranalysis.app\/wp-content\/uploads\/2025\/05\/light-summer-color-palette-and-wardrobe-guide-OO.jpeg\" \/>\n\t<meta property=\"og:image:width\" content=\"1232\" \/>\n\t<meta property=\"og:image:height\" content=\"928\" \/>\n\t<meta property=\"og:image:type\" content=\"image\/jpeg\" \/>\n<meta name=\"author\" content=\"Editor\" \/>\n<meta name=\"twitter:card\" content=\"summary_large_image\" \/>\n<meta name=\"twitter:label1\" content=\"Written by\" \/>\n\t<meta name=\"twitter:data1\" content=\"Editor\" \/>\n\t<meta name=\"twitter:label2\" content=\"Est. reading time\" \/>\n\t<meta name=\"twitter:data2\" content=\"6 minutes\" \/>\n<script type=\"application\/ld+json\" class=\"yoast-schema-graph\">{\"@context\":\"https:\/\/schema.org\",\"@graph\":[{\"@type\":\"WebPage\",\"@id\":\"https:\/\/coloranalysis.app\/pt\/blog\/paleta-de-cores-claras-de-verao-e-guia-do-guarda-roupa\/\",\"url\":\"https:\/\/coloranalysis.app\/pt\/blog\/paleta-de-cores-claras-de-verao-e-guia-do-guarda-roupa\/\",\"name\":\"Paleta de cores claras de ver\u00e3o e guia do guarda-roupa\",\"isPartOf\":{\"@id\":\"https:\/\/coloranalysis.app\/pt\/#website\"},\"primaryImageOfPage\":{\"@id\":\"https:\/\/coloranalysis.app\/pt\/blog\/paleta-de-cores-claras-de-verao-e-guia-do-guarda-roupa\/#primaryimage\"},\"image\":{\"@id\":\"https:\/\/coloranalysis.app\/pt\/blog\/paleta-de-cores-claras-de-verao-e-guia-do-guarda-roupa\/#primaryimage\"},\"thumbnailUrl\":\"https:\/\/coloranalysis.app\/wp-content\/uploads\/2025\/05\/light-summer-color-palette-and-wardrobe-guide-OO.jpeg\",\"datePublished\":\"2025-05-07T10:09:25+00:00\",\"dateModified\":\"2025-05-07T10:55:03+00:00\",\"author\":{\"@id\":\"https:\/\/coloranalysis.app\/pt\/#\/schema\/person\/2a2532148e1fc715b75f9ac33328e93b\"},\"description\":\"Paletas de cores sazonais\",\"breadcrumb\":{\"@id\":\"https:\/\/coloranalysis.app\/pt\/blog\/paleta-de-cores-claras-de-verao-e-guia-do-guarda-roupa\/#breadcrumb\"},\"inLanguage\":\"pt\",\"potentialAction\":[{\"@type\":\"ReadAction\",\"target\":[\"https:\/\/coloranalysis.app\/pt\/blog\/paleta-de-cores-claras-de-verao-e-guia-do-guarda-roupa\/\"]}]},{\"@type\":\"ImageObject\",\"inLanguage\":\"pt\",\"@id\":\"https:\/\/coloranalysis.app\/pt\/blog\/paleta-de-cores-claras-de-verao-e-guia-do-guarda-roupa\/#primaryimage\",\"url\":\"https:\/\/coloranalysis.app\/wp-content\/uploads\/2025\/05\/light-summer-color-palette-and-wardrobe-guide-OO.jpeg\",\"contentUrl\":\"https:\/\/coloranalysis.app\/wp-content\/uploads\/2025\/05\/light-summer-color-palette-and-wardrobe-guide-OO.jpeg\",\"width\":1232,\"height\":928,\"caption\":\"Combina\u00e7\u00f5es de cores recomendadas para diferentes pe\u00e7as de vestu\u00e1rio\"},{\"@type\":\"BreadcrumbList\",\"@id\":\"https:\/\/coloranalysis.app\/pt\/blog\/paleta-de-cores-claras-de-verao-e-guia-do-guarda-roupa\/#breadcrumb\",\"itemListElement\":[{\"@type\":\"ListItem\",\"position\":1,\"name\":\"Home\",\"item\":\"https:\/\/coloranalysis.app\/pt\/\"},{\"@type\":\"ListItem\",\"position\":2,\"name\":\"Paleta de cores claras de ver\u00e3o e guia do guarda-roupa\"}]},{\"@type\":\"WebSite\",\"@id\":\"https:\/\/coloranalysis.app\/pt\/#website\",\"url\":\"https:\/\/coloranalysis.app\/pt\/\",\"name\":\"Color Analysis AI - Dressika App\",\"description\":\"Reveal your natural beauty with Color Analysis\",\"alternateName\":\"Dressika\",\"potentialAction\":[{\"@type\":\"SearchAction\",\"target\":{\"@type\":\"EntryPoint\",\"urlTemplate\":\"https:\/\/coloranalysis.app\/pt\/?s={search_term_string}\"},\"query-input\":{\"@type\":\"PropertyValueSpecification\",\"valueRequired\":true,\"valueName\":\"search_term_string\"}}],\"inLanguage\":\"pt\"},{\"@type\":\"Person\",\"@id\":\"https:\/\/coloranalysis.app\/pt\/#\/schema\/person\/2a2532148e1fc715b75f9ac33328e93b\",\"name\":\"Editor\",\"image\":{\"@type\":\"ImageObject\",\"inLanguage\":\"pt\",\"@id\":\"https:\/\/coloranalysis.app\/pt\/#\/schema\/person\/image\/\",\"url\":\"https:\/\/secure.gravatar.com\/avatar\/c7a232436113c099708fe869e6e230d98df317b75f62a00b179b68c38ad17192?s=96&d=mm&r=g\",\"contentUrl\":\"https:\/\/secure.gravatar.com\/avatar\/c7a232436113c099708fe869e6e230d98df317b75f62a00b179b68c38ad17192?s=96&d=mm&r=g\",\"caption\":\"Editor\"}}]}<\/script>\n<!-- \/ Yoast SEO plugin. -->","yoast_head_json":{"title":"Paleta de cores claras de ver\u00e3o e guia do guarda-roupa","description":"Paletas de cores sazonais","robots":{"index":"index","follow":"follow","max-snippet":"max-snippet:-1","max-image-preview":"max-image-preview:large","max-video-preview":"max-video-preview:-1"},"canonical":"https:\/\/coloranalysis.app\/pt\/blog\/paleta-de-cores-claras-de-verao-e-guia-do-guarda-roupa\/","og_locale":"pt_PT","og_type":"article","og_title":"Paleta de cores claras de ver\u00e3o e guia do guarda-roupa","og_description":"Paletas de cores sazonais","og_url":"https:\/\/coloranalysis.app\/pt\/blog\/paleta-de-cores-claras-de-verao-e-guia-do-guarda-roupa\/","og_site_name":"Color Analysis AI - Dressika App","article_published_time":"2025-05-07T10:09:25+00:00","article_modified_time":"2025-05-07T10:55:03+00:00","og_image":[{"width":1232,"height":928,"url":"https:\/\/coloranalysis.app\/wp-content\/uploads\/2025\/05\/light-summer-color-palette-and-wardrobe-guide-OO.jpeg","type":"image\/jpeg"}],"author":"Editor","twitter_card":"summary_large_image","twitter_misc":{"Written by":"Editor","Est. reading time":"6 minutes"},"schema":{"@context":"https:\/\/schema.org","@graph":[{"@type":"WebPage","@id":"https:\/\/coloranalysis.app\/pt\/blog\/paleta-de-cores-claras-de-verao-e-guia-do-guarda-roupa\/","url":"https:\/\/coloranalysis.app\/pt\/blog\/paleta-de-cores-claras-de-verao-e-guia-do-guarda-roupa\/","name":"Paleta de cores claras de ver\u00e3o e guia do guarda-roupa","isPartOf":{"@id":"https:\/\/coloranalysis.app\/pt\/#website"},"primaryImageOfPage":{"@id":"https:\/\/coloranalysis.app\/pt\/blog\/paleta-de-cores-claras-de-verao-e-guia-do-guarda-roupa\/#primaryimage"},"image":{"@id":"https:\/\/coloranalysis.app\/pt\/blog\/paleta-de-cores-claras-de-verao-e-guia-do-guarda-roupa\/#primaryimage"},"thumbnailUrl":"https:\/\/coloranalysis.app\/wp-content\/uploads\/2025\/05\/light-summer-color-palette-and-wardrobe-guide-OO.jpeg","datePublished":"2025-05-07T10:09:25+00:00","dateModified":"2025-05-07T10:55:03+00:00","author":{"@id":"https:\/\/coloranalysis.app\/pt\/#\/schema\/person\/2a2532148e1fc715b75f9ac33328e93b"},"description":"Paletas de cores sazonais","breadcrumb":{"@id":"https:\/\/coloranalysis.app\/pt\/blog\/paleta-de-cores-claras-de-verao-e-guia-do-guarda-roupa\/#breadcrumb"},"inLanguage":"pt","potentialAction":[{"@type":"ReadAction","target":["https:\/\/coloranalysis.app\/pt\/blog\/paleta-de-cores-claras-de-verao-e-guia-do-guarda-roupa\/"]}]},{"@type":"ImageObject","inLanguage":"pt","@id":"https:\/\/coloranalysis.app\/pt\/blog\/paleta-de-cores-claras-de-verao-e-guia-do-guarda-roupa\/#primaryimage","url":"https:\/\/coloranalysis.app\/wp-content\/uploads\/2025\/05\/light-summer-color-palette-and-wardrobe-guide-OO.jpeg","contentUrl":"https:\/\/coloranalysis.app\/wp-content\/uploads\/2025\/05\/light-summer-color-palette-and-wardrobe-guide-OO.jpeg","width":1232,"height":928,"caption":"Combina\u00e7\u00f5es de cores recomendadas para diferentes pe\u00e7as de vestu\u00e1rio"},{"@type":"BreadcrumbList","@id":"https:\/\/coloranalysis.app\/pt\/blog\/paleta-de-cores-claras-de-verao-e-guia-do-guarda-roupa\/#breadcrumb","itemListElement":[{"@type":"ListItem","position":1,"name":"Home","item":"https:\/\/coloranalysis.app\/pt\/"},{"@type":"ListItem","position":2,"name":"Paleta de cores claras de ver\u00e3o e guia do guarda-roupa"}]},{"@type":"WebSite","@id":"https:\/\/coloranalysis.app\/pt\/#website","url":"https:\/\/coloranalysis.app\/pt\/","name":"Color Analysis AI - Dressika App","description":"Reveal your natural beauty with Color Analysis","alternateName":"Dressika","potentialAction":[{"@type":"SearchAction","target":{"@type":"EntryPoint","urlTemplate":"https:\/\/coloranalysis.app\/pt\/?s={search_term_string}"},"query-input":{"@type":"PropertyValueSpecification","valueRequired":true,"valueName":"search_term_string"}}],"inLanguage":"pt"},{"@type":"Person","@id":"https:\/\/coloranalysis.app\/pt\/#\/schema\/person\/2a2532148e1fc715b75f9ac33328e93b","name":"Editor","image":{"@type":"ImageObject","inLanguage":"pt","@id":"https:\/\/coloranalysis.app\/pt\/#\/schema\/person\/image\/","url":"https:\/\/secure.gravatar.com\/avatar\/c7a232436113c099708fe869e6e230d98df317b75f62a00b179b68c38ad17192?s=96&d=mm&r=g","contentUrl":"https:\/\/secure.gravatar.com\/avatar\/c7a232436113c099708fe869e6e230d98df317b75f62a00b179b68c38ad17192?s=96&d=mm&r=g","caption":"Editor"}}]}},"_links":{"self":[{"href":"https:\/\/coloranalysis.app\/pt\/wp-json\/wp\/v2\/posts\/7146","targetHints":{"allow":["GET"]}}],"collection":[{"href":"https:\/\/coloranalysis.app\/pt\/wp-json\/wp\/v2\/posts"}],"about":[{"href":"https:\/\/coloranalysis.app\/pt\/wp-json\/wp\/v2\/types\/post"}],"author":[{"embeddable":true,"href":"https:\/\/coloranalysis.app\/pt\/wp-json\/wp\/v2\/users\/4"}],"replies":[{"embeddable":true,"href":"https:\/\/coloranalysis.app\/pt\/wp-json\/wp\/v2\/comments?post=7146"}],"version-history":[{"count":2,"href":"https:\/\/coloranalysis.app\/pt\/wp-json\/wp\/v2\/posts\/7146\/revisions"}],"predecessor-version":[{"id":7183,"href":"https:\/\/coloranalysis.app\/pt\/wp-json\/wp\/v2\/posts\/7146\/revisions\/7183"}],"wp:featuredmedia":[{"embeddable":true,"href":"https:\/\/coloranalysis.app\/pt\/wp-json\/wp\/v2\/media\/7120"}],"wp:attachment":[{"href":"https:\/\/coloranalysis.app\/pt\/wp-json\/wp\/v2\/media?parent=7146"}],"wp:term":[{"taxonomy":"category","embeddable":true,"href":"https:\/\/coloranalysis.app\/pt\/wp-json\/wp\/v2\/categories?post=7146"},{"taxonomy":"post_tag","embeddable":true,"href":"https:\/\/coloranalysis.app\/pt\/wp-json\/wp\/v2\/tags?post=7146"}],"curies":[{"name":"wp","href":"https:\/\/api.w.org\/{rel}","templated":true}]}}